{"id":8455,"date":"2021-05-14T09:49:06","date_gmt":"2021-05-14T12:49:06","guid":{"rendered":"http:\/\/dgospel.com.br\/portal\/?p=8455"},"modified":"2021-05-14T09:49:08","modified_gmt":"2021-05-14T12:49:08","slug":"pastor-jose-wellington-lider-da-assembleia-de-deus-belem-e-internado-com-covid-19","status":"publish","type":"post","link":"https:\/\/dgospel.com.br\/portal\/index.php\/2021\/05\/14\/pastor-jose-wellington-lider-da-assembleia-de-deus-belem-e-internado-com-covid-19\/","title":{"rendered":"Pastor Jos\u00e9 Wellington, l\u00edder da Assembleia de Deus Bel\u00e9m, \u00e9 internado com Covid-19"},"content":{"rendered":"\n<p>O pastor Jos\u00e9 Wellington Bezerra da Costa, de 86 anos, l\u00edder da Assembleia de Deus Bel\u00e9m do estado de SP, est\u00e1 internado com Covid-19 na capital paulista. O estado de sa\u00fade e o hospital em que est\u00e1 n\u00e3o foram divulgados.<\/p>\n\n\n\n<p>O pastor assembleiano \u00e9 presidente de honra da CGADB (Conven\u00e7\u00e3o Geral das Assembleias de Deus do Brasil), presidida hoje pelo seu filho pastor Jos\u00e9 Wellington Junior.\u00a0<\/p>\n\n\n\n<p>Jos\u00e9 Wellington Bezerra foi presidente da CGADB por quase duas d\u00e9cadas, se consagrando como um dos maiores l\u00edderes da AD dos dias atuais. A Assembleia de Deus \u00e9 a maior denomina\u00e7\u00e3o evang\u00e9lica do Brasil com 6 milh\u00f5es de fi\u00e9is em 283 mil igrejas pelo pa\u00eds.<\/p>\n\n\n\n<p>O filho, pastor Jos\u00e9 Wellington J\u00fanior pediu ora\u00e7\u00f5es pelo pai. \u201cQueremos pedir ora\u00e7\u00e3o pelo nosso pai e pastor presidente Jos\u00e9 Wellington Bezerra da Costa que est\u00e1 internado com COVID\u201d.<\/p>\n\n\n\n<p>At\u00e9 o fechamento desta mat\u00e9ria, a assessoria do pastor Jos\u00e9 Wellington Bezerra e a CGADB ainda n\u00e3o emitiram uma nota oficial sobre a interna\u00e7\u00e3o.<\/p>\n\n\n\n<p><\/p>\n\n\n\n<p>\n\nFONTE: GUIAME, COM INFORMA\u00c7\u00d5ES DO ESTADO DE MINAS\n\n<\/p>\n","protected":false},"excerpt":{"rendered":"<p>O pastor Jos\u00e9 Wellington Bezerra da Costa, de 86 anos, l\u00edder da Assembleia de Deus Bel\u00e9m do estado de SP, est\u00e1 internado com Covid-19 na capital paulista. O estado de sa\u00fade e o hospital em que est\u00e1 n\u00e3o foram divulgados. O pastor assembleiano \u00e9 presidente de honra da CGADB (Conven\u00e7\u00e3o Geral das Assembleias de Deus [&hellip;]<\/p>\n","protected":false},"author":2,"featured_media":8456,"comment_status":"open","ping_status":"open","sticky":false,"template":"","format":"standard","meta":[],"categories":[5],"tags":[],"_links":{"self":[{"href":"https:\/\/dgospel.com.br\/portal\/index.php\/wp-json\/wp\/v2\/posts\/8455"}],"collection":[{"href":"https:\/\/dgospel.com.br\/portal\/index.php\/wp-json\/wp\/v2\/posts"}],"about":[{"href":"https:\/\/dgospel.com.br\/portal\/index.php\/wp-json\/wp\/v2\/types\/post"}],"author":[{"embeddable":true,"href":"https:\/\/dgospel.com.br\/portal\/index.php\/wp-json\/wp\/v2\/users\/2"}],"replies":[{"embeddable":true,"href":"https:\/\/dgospel.com.br\/portal\/index.php\/wp-json\/wp\/v2\/comments?post=8455"}],"version-history":[{"count":1,"href":"https:\/\/dgospel.com.br\/portal\/index.php\/wp-json\/wp\/v2\/posts\/8455\/revisions"}],"predecessor-version":[{"id":8457,"href":"https:\/\/dgospel.com.br\/portal\/index.php\/wp-json\/wp\/v2\/posts\/8455\/revisions\/8457"}],"wp:featuredmedia":[{"embeddable":true,"href":"https:\/\/dgospel.com.br\/portal\/index.php\/wp-json\/wp\/v2\/media\/8456"}],"wp:attachment":[{"href":"https:\/\/dgospel.com.br\/portal\/index.php\/wp-json\/wp\/v2\/media?parent=8455"}],"wp:term":[{"taxonomy":"category","embeddable":true,"href":"https:\/\/dgospel.com.br\/portal\/index.php\/wp-json\/wp\/v2\/categories?post=8455"},{"taxonomy":"post_tag","embeddable":true,"href":"https:\/\/dgospel.com.br\/portal\/index.php\/wp-json\/wp\/v2\/tags?post=8455"}],"curies":[{"name":"wp","href":"https:\/\/api.w.org\/{rel}","templated":true}]}}