{"id":8458,"date":"2021-05-14T09:54:52","date_gmt":"2021-05-14T12:54:52","guid":{"rendered":"http:\/\/dgospel.com.br\/portal\/?p=8458"},"modified":"2021-05-25T12:51:37","modified_gmt":"2021-05-25T15:51:37","slug":"carlesse-recebe-representantes-da-enfermagem-e-destaca-apoio-ao-pl-que-fixa-piso-salarial-e-jornada-de-trabalho-para-a-categoria","status":"publish","type":"post","link":"https:\/\/dgospel.com.br\/portal\/index.php\/2021\/05\/14\/carlesse-recebe-representantes-da-enfermagem-e-destaca-apoio-ao-pl-que-fixa-piso-salarial-e-jornada-de-trabalho-para-a-categoria\/","title":{"rendered":"Projeto Lei de Rubens Uch\u00f4a requer agendamento telef\u00f4nico de consultas m\u00e9dicas a pacientes idosos"},"content":{"rendered":"\n<p>O vereador e\nvice-presidente da C\u00e2mara Municipal, Rubens Uch\u00f4a (Cidadania), apresentou um\nProjeto de Lei que estabelece o agendamento telef\u00f4nico de consultas m\u00e9dicas\npara pacientes idosos e\/ou pessoas com defici\u00eancia, previamente cadastrados nas\nUnidades de Sa\u00fade do Munic\u00edpio de Palmas\/TO.<\/p>\n\n\n\n<p><strong>Art.\n1\u00ba&nbsp;<\/strong>Os pacientes idosos e\/ou pessoas com defici\u00eancia poder\u00e3o agendar, por\ntelefone, as suas consultas m\u00e9dicas nas Unidades de Sa\u00fade do Munic\u00edpio de\nPalmas\/TO.<\/p>\n\n\n\n<p><strong>Art.\n2\u00ba&nbsp;<\/strong>O agendamento de que trata esta Lei somente ser\u00e1 poss\u00edvel nas Unidades\nde Sa\u00fade onde o paciente j\u00e1 estiver previamente cadastrado.<\/p>\n\n\n\n<p><strong>Art.\n3\u00ba&nbsp;<\/strong>Para receber o atendimento agendado por telefone, o paciente dever\u00e1\napresentar, na ocasi\u00e3o da consulta, a sua carteira de identidade ou o cart\u00e3o do\nSistema \u00danico de Sa\u00fade \u2013 SUS.<\/p>\n\n\n\n<p><strong>Art.\n4\u00ba<\/strong>&nbsp;As Unidades de Sa\u00fade dever\u00e3o afixar, em local vis\u00edvel \u00e0 popula\u00e7\u00e3o,\nmaterial indicativo do conte\u00fado desta Lei.<\/p>\n\n\n\n<p>Para o vereador cada vez mais\nos idosos e pessoas com defici\u00eancia precisam da tutela do Estado para terem\natendidas e protegidas as suas necessidades. Por conta de suas peculiaridades\npsicofisiol\u00f3gicas e da grande necessidade dessas pessoas procurarem os servi\u00e7os\nm\u00e9dicos, surge a import\u00e2ncia de implanta\u00e7\u00e3o de agendamento por meio de\ntelefone.<\/p>\n\n\n\n<p>O atendimento que ora se\nprop\u00f5e dever\u00e1 ser realizado na pr\u00f3pria Unidade de Sa\u00fade onde o paciente fez o\ncadastro anteriormente, podendo agendar por telefone as pr\u00f3ximas consultas, indicando\nsua carteira de identidade ou cart\u00e3o do Sistema \u00danico de Sa\u00fade \u2013 SUS, para fins\nde atendimento sem a espera em filas.<\/p>\n\n\n\n<p>Esse\natendimento preferencial contempla uma ampla legisla\u00e7\u00e3o, somando-se inclusive\nao Estatuto do Idoso e ao Estatuto da Pessoa com Defici\u00eancia, que determinam\nespecificamente que o idoso e a pessoa com defici\u00eancia tenham atendimento\npreferencial no SUS. A Lei Federal n\u00b0 10.048\/2000, determina a prioridade de\natendimento \u00e0s pessoas com idade igual ou superior a 60 (sessenta) anos e as\nportadoras de defici\u00eancia.<\/p>\n","protected":false},"excerpt":{"rendered":"<p>O vereador e vice-presidente da C\u00e2mara Municipal, Rubens Uch\u00f4a (Cidadania), apresentou um Projeto de Lei que estabelece o agendamento telef\u00f4nico de consultas m\u00e9dicas para pacientes idosos e\/ou pessoas com defici\u00eancia, previamente cadastrados nas Unidades de Sa\u00fade do Munic\u00edpio de Palmas\/TO. Art. 1\u00ba&nbsp;Os pacientes idosos e\/ou pessoas com defici\u00eancia poder\u00e3o agendar, por telefone, as suas consultas [&hellip;]<\/p>\n","protected":false},"author":2,"featured_media":8316,"comment_status":"open","ping_status":"open","sticky":false,"template":"","format":"standard","meta":[],"categories":[8,3],"tags":[13],"_links":{"self":[{"href":"https:\/\/dgospel.com.br\/portal\/index.php\/wp-json\/wp\/v2\/posts\/8458"}],"collection":[{"href":"https:\/\/dgospel.com.br\/portal\/index.php\/wp-json\/wp\/v2\/posts"}],"about":[{"href":"https:\/\/dgospel.com.br\/portal\/index.php\/wp-json\/wp\/v2\/types\/post"}],"author":[{"embeddable":true,"href":"https:\/\/dgospel.com.br\/portal\/index.php\/wp-json\/wp\/v2\/users\/2"}],"replies":[{"embeddable":true,"href":"https:\/\/dgospel.com.br\/portal\/index.php\/wp-json\/wp\/v2\/comments?post=8458"}],"version-history":[{"count":2,"href":"https:\/\/dgospel.com.br\/portal\/index.php\/wp-json\/wp\/v2\/posts\/8458\/revisions"}],"predecessor-version":[{"id":8516,"href":"https:\/\/dgospel.com.br\/portal\/index.php\/wp-json\/wp\/v2\/posts\/8458\/revisions\/8516"}],"wp:featuredmedia":[{"embeddable":true,"href":"https:\/\/dgospel.com.br\/portal\/index.php\/wp-json\/wp\/v2\/media\/8316"}],"wp:attachment":[{"href":"https:\/\/dgospel.com.br\/portal\/index.php\/wp-json\/wp\/v2\/media?parent=8458"}],"wp:term":[{"taxonomy":"category","embeddable":true,"href":"https:\/\/dgospel.com.br\/portal\/index.php\/wp-json\/wp\/v2\/categories?post=8458"},{"taxonomy":"post_tag","embeddable":true,"href":"https:\/\/dgospel.com.br\/portal\/index.php\/wp-json\/wp\/v2\/tags?post=8458"}],"curies":[{"name":"wp","href":"https:\/\/api.w.org\/{rel}","templated":true}]}}