{"id":8464,"date":"2021-05-14T10:06:10","date_gmt":"2021-05-14T13:06:10","guid":{"rendered":"http:\/\/dgospel.com.br\/portal\/?p=8464"},"modified":"2021-05-14T10:06:11","modified_gmt":"2021-05-14T13:06:11","slug":"mauro-carlesse-apresenta-ao-comite-de-crise-medidas-para-retomada-gradativa-de-atividades","status":"publish","type":"post","link":"https:\/\/dgospel.com.br\/portal\/index.php\/2021\/05\/14\/mauro-carlesse-apresenta-ao-comite-de-crise-medidas-para-retomada-gradativa-de-atividades\/","title":{"rendered":"Mauro Carlesse apresenta ao Comit\u00ea de Crise medidas para retomada gradativa de atividades"},"content":{"rendered":"\n<p>Desde mar\u00e7o, o Tocantins obteve uma redu\u00e7\u00e3o de mais de 30% nas interna\u00e7\u00f5es em leitos cl\u00ednicos e em Unidades de Terapia Intensiva (UTIs), exclusivos para o tratamento da Covid-19. Al\u00e9m disso, as filas de espera est\u00e3o zeradas e mais leitos ser\u00e3o ampliados em Para\u00edso do Tocantins e em Gurupi. Diante desse cen\u00e1rio, o governador do Estado do Tocantins, Mauro Carlesse, apresentou na tarde desta quinta-feira, 13, na reuni\u00e3o do Comit\u00ea de Crise de Combate e Preven\u00e7\u00e3o \u00e0 Covid-19, algumas medidas que visam \u00e0&nbsp;retomada gradual de atividades no Estado.<\/p>\n\n\n\n<p>Foram discutidos o retorno das aulas nas redes p\u00fablicas e privadas, das atividades comerciais, o funcionamento do servi\u00e7o p\u00fablico e o retorno das aulas pr\u00e1ticas de dire\u00e7\u00e3o. O novo decreto ser\u00e1 publicado no Di\u00e1rio Oficial do Estado (DOE) desta sexta-feira, 14.<\/p>\n\n\n\n<p>Os eventos p\u00fablicos e privados seguem vedados. O retorno das atividades presenciais no servi\u00e7o p\u00fablico estadual ser\u00e1 feito com a estrat\u00e9gia de revezamento a fim de reduzir o fluxo de servidores. A retomada das aulas presenciais deve seguir todas as normas sanit\u00e1rias recomendadas pelo Minist\u00e9rio da Sa\u00fade e pela Organiza\u00e7\u00e3o Mundial da Sa\u00fade (OMS), al\u00e9m do protocolo elaborado pelo Governo do Tocantins.<\/p>\n\n\n\n<p>Os bares e os restaurantes s\u00e3o o \u00faltimo eixo dos servi\u00e7os n\u00e3o essenciais que permaneceram&nbsp;apenas no delivery, por\u00e9m, ser\u00e1 permitido o funcionamento observando todos os protocolos de higiene e a amplia\u00e7\u00e3o dos hor\u00e1rios de atendimento.<\/p>\n\n\n\n<p>O governador Mauro Carlesse afirmou que as medidas n\u00e3o s\u00e3o um afrouxamento, pois a fiscaliza\u00e7\u00e3o para evitar aglomera\u00e7\u00f5es ser\u00e1 refor\u00e7ada. \u201cN\u00e3o vamos afrouxar, vamos apertar mais ainda. Precisamos de toda a for\u00e7a, principalmente agora. Vamos retomando aos poucos as atividades normais que o Estado precisa. Sei da dificuldade e do custo disso. Mas pe\u00e7o que todas as nossas for\u00e7as de seguran\u00e7a sejam firmes com essas aglomera\u00e7\u00f5es que n\u00e3o s\u00e3o permitidas. Neste momento, pe\u00e7o que continuem [a n\u00e3o aglomerar] mais um pouco. Esse sacrif\u00edcio n\u00f3s vamos fazer\u201d, afirmou o Chefe do Executivo.<\/p>\n\n\n\n<p><strong>Retorno do trabalho presencial&nbsp;<\/strong><\/p>\n\n\n\n<p>O secret\u00e1rio-chefe da Casa Civil, Rolf Vidal, explicou que para o retorno das atividades do servi\u00e7o p\u00fablico ser\u00e1 mantida a jornada de 6 horas, com divis\u00e3o de equipes para evitar aglomera\u00e7\u00e3o. \u201cNo servi\u00e7o p\u00fablico, teremos o retorno das atividades presenciais, com a jornada de 6 horas, para que as pastas funcionem normalmente e haja o retorno do atendimento ao p\u00fablico. Por\u00e9m, obedecendo as medidas de distanciamento, prote\u00e7\u00e3o e higiene, e ainda existe a possibilidade da ado\u00e7\u00e3o da estrat\u00e9gia de revezamento, fazendo com que as secretarias que optarem por essa situa\u00e7\u00e3o, tenham dois turnos de servi\u00e7o\u201d, pontuou.<\/p>\n\n\n\n<p><strong>Retomada das aulas presenciais&nbsp;<\/strong><\/p>\n\n\n\n<p>A secret\u00e1ria de Estado da Educa\u00e7\u00e3o, Juventude e Esportes, Adriana Aguiar, destacou que mais de 3,5 mil professores do Estado j\u00e1 est\u00e3o vacinados por serem idosos acima de 60 anos, ind\u00edgenas ou se declararem com comorbidades. A expectativa \u00e9 de que, com o avan\u00e7o da vacina\u00e7\u00e3o do Estado, mais profissionais da Educa\u00e7\u00e3o sejam imunizados.<\/p>\n\n\n\n<p>A titular da Seduc ainda destacou que o retorno das aulas presenciais ser\u00e1 de modo gradual e com 50% da capacidade das salas de aulas. \u201cAs escolas est\u00e3o preparadas com EPIs [Equipamentos de Prote\u00e7\u00e3o Individual], com toda organiza\u00e7\u00e3o do ambiente e seguindo todos os protocolos de seguran\u00e7a. Os profissionais passaram por forma\u00e7\u00e3o continuada. [O retorno \u00e0s aulas] \u00e9 desejo das fam\u00edlias, dos pais e estamos em um momento favor\u00e1vel. Para manter o distanciamento, voltaremos com aquele formato de 50% com rotatividade para garantirmos o distanciamento. Estou muito otimista e acredito que estamos no caminho\u201d, explicou a gestora.<\/p>\n\n\n\n<p><strong>Justificativa&nbsp;<\/strong><\/p>\n\n\n\n<p>O secret\u00e1rio de Estado da Sa\u00fade, Edgar Tollini, informou que n\u00e3o h\u00e1 filas de pacientes esperando por leitos de Unidade de Terapia Intensiva (UTI) e leitos cl\u00ednicos. \u201cE continuamos investindo e ampliando. Na ter\u00e7a-feira, 11, estivemos com o ministro da Sa\u00fade [Marcelo Queiroga] que nos recebeu e reconheceu que o Estado fez bom uso das verbas p\u00fablicas\u201d, destacou o secret\u00e1rio.<\/p>\n\n\n\n<p>Nesta quinta-feira, 13, o Tocantins registrou 378 pacientes internados. Houve uma amplia\u00e7\u00e3o de 10 leitos em Porto Nacional e, em aproximadamente 15 dias, ser\u00e3o implantados mais 20 leitos no Hospital Geral de Gurupi e 20 leitos em Para\u00edso do Tocantins, contratualizados com a iniciativa privada. \u201cO Estado vai fazer com que haja&nbsp;leitos cada vez mais pr\u00f3ximos da sua cidade, para que o cidad\u00e3o se desloque menos, usando menos UTIs terrestres ou a\u00e9reas, que tiveram um acr\u00e9scimo muito grande nesses \u00faltimos 60 dias\u201d, complementou o secret\u00e1rio Edgar Tollini.<\/p>\n\n\n\n<p><strong>Presen\u00e7a<\/strong><\/p>\n\n\n\n<p>Tamb\u00e9m estavam presentes na videoconfer\u00eancia do Comit\u00ea de Crise, o presidente do Tribunal de Justi\u00e7a, Jo\u00e3o Rigo Guimar\u00e3es; o procurador-geral de Justi\u00e7a, Luciano Casaroti; o defensor Freddy Sol\u00f3rzano, representando a defensora p\u00fablica-geral Estellamaris Postal; e os secret\u00e1rios Executivo da Governadoria, Divino Allan; da Comunica\u00e7\u00e3o, \u00c9lcio Mendes; Extraordin\u00e1rio de Assuntos Parlamentares, Jos\u00e9 Humberto; comandante-geral da Pol\u00edcia Militar, coronel J\u00falio Silva Neto; comandante-geral do Corpo de Bombeiros, coronel Reginaldo Leandro; da Fazenda, Sandro Armando; o chefe de gabinete do governador, Sebasti\u00e3o Albuquerque; o secret\u00e1rio de Estado da Ind\u00fastria, Com\u00e9rcio e Servi\u00e7os, Tom Lyra; e a deputada Valderez Castelo Branco, representando o presidente da Assembleia Legislativa do Tocantins, Antonio Andrade.<\/p>\n","protected":false},"excerpt":{"rendered":"<p>Desde mar\u00e7o, o Tocantins obteve uma redu\u00e7\u00e3o de mais de 30% nas interna\u00e7\u00f5es em leitos cl\u00ednicos e em Unidades de Terapia Intensiva (UTIs), exclusivos para o tratamento da Covid-19. Al\u00e9m disso, as filas de espera est\u00e3o zeradas e mais leitos ser\u00e3o ampliados em Para\u00edso do Tocantins e em Gurupi. Diante desse cen\u00e1rio, o governador do [&hellip;]<\/p>\n","protected":false},"author":2,"featured_media":8465,"comment_status":"open","ping_status":"open","sticky":false,"template":"","format":"standard","meta":[],"categories":[4],"tags":[13],"_links":{"self":[{"href":"https:\/\/dgospel.com.br\/portal\/index.php\/wp-json\/wp\/v2\/posts\/8464"}],"collection":[{"href":"https:\/\/dgospel.com.br\/portal\/index.php\/wp-json\/wp\/v2\/posts"}],"about":[{"href":"https:\/\/dgospel.com.br\/portal\/index.php\/wp-json\/wp\/v2\/types\/post"}],"author":[{"embeddable":true,"href":"https:\/\/dgospel.com.br\/portal\/index.php\/wp-json\/wp\/v2\/users\/2"}],"replies":[{"embeddable":true,"href":"https:\/\/dgospel.com.br\/portal\/index.php\/wp-json\/wp\/v2\/comments?post=8464"}],"version-history":[{"count":1,"href":"https:\/\/dgospel.com.br\/portal\/index.php\/wp-json\/wp\/v2\/posts\/8464\/revisions"}],"predecessor-version":[{"id":8466,"href":"https:\/\/dgospel.com.br\/portal\/index.php\/wp-json\/wp\/v2\/posts\/8464\/revisions\/8466"}],"wp:featuredmedia":[{"embeddable":true,"href":"https:\/\/dgospel.com.br\/portal\/index.php\/wp-json\/wp\/v2\/media\/8465"}],"wp:attachment":[{"href":"https:\/\/dgospel.com.br\/portal\/index.php\/wp-json\/wp\/v2\/media?parent=8464"}],"wp:term":[{"taxonomy":"category","embeddable":true,"href":"https:\/\/dgospel.com.br\/portal\/index.php\/wp-json\/wp\/v2\/categories?post=8464"},{"taxonomy":"post_tag","embeddable":true,"href":"https:\/\/dgospel.com.br\/portal\/index.php\/wp-json\/wp\/v2\/tags?post=8464"}],"curies":[{"name":"wp","href":"https:\/\/api.w.org\/{rel}","templated":true}]}}