{"id":8470,"date":"2021-05-18T22:47:15","date_gmt":"2021-05-19T01:47:15","guid":{"rendered":"http:\/\/dgospel.com.br\/portal\/?p=8470"},"modified":"2021-05-25T12:52:54","modified_gmt":"2021-05-25T15:52:54","slug":"secretaria-de-estado-da-saude-oferece-atendimento-medico-especializado-para-todos-os-servidores","status":"publish","type":"post","link":"https:\/\/dgospel.com.br\/portal\/index.php\/2021\/05\/18\/secretaria-de-estado-da-saude-oferece-atendimento-medico-especializado-para-todos-os-servidores\/","title":{"rendered":"Vereador Rubens Uch\u00f4a solicita inclus\u00e3o de m\u00fasicos no processo de retorno \u00e0s atividades de trabalho"},"content":{"rendered":"\n<p>O vice-presidente da C\u00e2mara de Palmas, vereador Rubens Uch\u00f4a,\napresentou, na manh\u00e3 desta ter\u00e7a-feira (18), um requerimento solicitando ao\nPoder Executivo Municipal que inclua a classe dos m\u00fasicos no processo de\nretorno \u00e0s atividades de trabalho na Capital.<\/p>\n\n\n\n<p>Conforme o parlamentar, esses profissionais j\u00e1 est\u00e3o h\u00e1 um longo\ntempo sem poder exercer seu trabalho, devido a necessidade de isolamento e\ndistanciamento social imposta pela pandemia, o que agravou ainda mais a crise\nfinanceira das fam\u00edlias em Palmas.<\/p>\n\n\n\n<p>No documento protocolado, Uch\u00f4a pede o retorno das atividades,\nmas ressalta a import\u00e2ncia do cumprimento aos protocolos de preven\u00e7\u00e3o \u00e0\nCovid-19 nos estabelecimentos.<\/p>\n","protected":false},"excerpt":{"rendered":"<p>O vice-presidente da C\u00e2mara de Palmas, vereador Rubens Uch\u00f4a, apresentou, na manh\u00e3 desta ter\u00e7a-feira (18), um requerimento solicitando ao Poder Executivo Municipal que inclua a classe dos m\u00fasicos no processo de retorno \u00e0s atividades de trabalho na Capital. Conforme o parlamentar, esses profissionais j\u00e1 est\u00e3o h\u00e1 um longo tempo sem poder exercer seu trabalho, devido [&hellip;]<\/p>\n","protected":false},"author":2,"featured_media":8517,"comment_status":"open","ping_status":"open","sticky":false,"template":"","format":"standard","meta":[],"categories":[8,3],"tags":[13],"_links":{"self":[{"href":"https:\/\/dgospel.com.br\/portal\/index.php\/wp-json\/wp\/v2\/posts\/8470"}],"collection":[{"href":"https:\/\/dgospel.com.br\/portal\/index.php\/wp-json\/wp\/v2\/posts"}],"about":[{"href":"https:\/\/dgospel.com.br\/portal\/index.php\/wp-json\/wp\/v2\/types\/post"}],"author":[{"embeddable":true,"href":"https:\/\/dgospel.com.br\/portal\/index.php\/wp-json\/wp\/v2\/users\/2"}],"replies":[{"embeddable":true,"href":"https:\/\/dgospel.com.br\/portal\/index.php\/wp-json\/wp\/v2\/comments?post=8470"}],"version-history":[{"count":2,"href":"https:\/\/dgospel.com.br\/portal\/index.php\/wp-json\/wp\/v2\/posts\/8470\/revisions"}],"predecessor-version":[{"id":8518,"href":"https:\/\/dgospel.com.br\/portal\/index.php\/wp-json\/wp\/v2\/posts\/8470\/revisions\/8518"}],"wp:featuredmedia":[{"embeddable":true,"href":"https:\/\/dgospel.com.br\/portal\/index.php\/wp-json\/wp\/v2\/media\/8517"}],"wp:attachment":[{"href":"https:\/\/dgospel.com.br\/portal\/index.php\/wp-json\/wp\/v2\/media?parent=8470"}],"wp:term":[{"taxonomy":"category","embeddable":true,"href":"https:\/\/dgospel.com.br\/portal\/index.php\/wp-json\/wp\/v2\/categories?post=8470"},{"taxonomy":"post_tag","embeddable":true,"href":"https:\/\/dgospel.com.br\/portal\/index.php\/wp-json\/wp\/v2\/tags?post=8470"}],"curies":[{"name":"wp","href":"https:\/\/api.w.org\/{rel}","templated":true}]}}