{"id":8488,"date":"2021-05-18T23:32:06","date_gmt":"2021-05-19T02:32:06","guid":{"rendered":"http:\/\/dgospel.com.br\/portal\/?p=8488"},"modified":"2021-05-18T23:32:08","modified_gmt":"2021-05-19T02:32:08","slug":"ao-conselho-de-etica-daniel-silveira-diz-que-stf-e-parcial","status":"publish","type":"post","link":"https:\/\/dgospel.com.br\/portal\/index.php\/2021\/05\/18\/ao-conselho-de-etica-daniel-silveira-diz-que-stf-e-parcial\/","title":{"rendered":"Ao Conselho de \u00c9tica, Daniel Silveira diz que STF \u00e9 parcial"},"content":{"rendered":"\n<p>Em pris\u00e3o domiciliar, o deputado Daniel Silveira (PSL-RJ) acusou os ministros do Supremo Tribunal Federal (STF) de colocarem \u201cadubo do medo\u201d na sociedade e de serem parciais, durante depoimento por videoconfer\u00eancia nesta ter\u00e7a-feira (18), no Conselho de \u00c9tica da C\u00e2mara.<\/p>\n\n\n\n<p>\u2013 Quem s\u00e3o eles os ministros para calarem a sociedade ou colocarem o adubo do medo ou tamb\u00e9m uma morda\u00e7a social em cima de uma coisa chamada liberdade de express\u00e3o, que \u00e9 direito inalien\u00e1vel, imprescrit\u00edvel e inarred\u00e1vel em qualquer pa\u00eds que viva em plena democracia? -questionou.<\/p>\n\n\n\n<p>O conselho avalia dois processos que podem levar \u00e0 cassa\u00e7\u00e3o do deputado. Ambos t\u00eam como objeto o mesmo motivo pelo qual ele foi preso em fevereiro: um v\u00eddeo no qual fez apologia ao Ato Institucional n\u00ba 5, o mais violento da ditadura, e ataques aos ministros do Supremo Tribunal Federal.<\/p>\n\n\n\n<p>Na sess\u00e3o de hoje, Silveira foi questionado pelo relator de um dos casos, o deputado Fernando Rodolfo (PL-PE), e por outros parlamentares.<\/p>\n\n\n\n<p>\u2013 Alexandre de Moraes tanto quanto os ministros do STF s\u00e3o v\u00edtimas, acusadores e julgadores, ou seja, n\u00e3o s\u00e3o imparciais, s\u00e3o completamente parciais, o que \u00e9 um perigo, j\u00e1 dizia o saudoso e minha refer\u00eancia jur\u00eddica Rui Barbosa, que a pior ditadura \u00e9 a do Judici\u00e1rio, pois contra ela n\u00e3o h\u00e1 a quem recorrer \u2013 disse Silveira tamb\u00e9m no depoimento de hoje.<\/p>\n\n\n\n<p>Ap\u00f3s o deputado ficar 26 dias preso no Batalh\u00e3o Especial Prisional em Niter\u00f3i, no Rio de Janeiro, o ministro do STF Alexandre de Moraes concedeu a Silveira o direito de cumprir pris\u00e3o domiciliar, usando tornozeleira eletr\u00f4nica.<\/p>\n\n\n\n<p>*Estad\u00e3o<\/p>\n","protected":false},"excerpt":{"rendered":"<p>Em pris\u00e3o domiciliar, o deputado Daniel Silveira (PSL-RJ) acusou os ministros do Supremo Tribunal Federal (STF) de colocarem \u201cadubo do medo\u201d na sociedade e de serem parciais, durante depoimento por videoconfer\u00eancia nesta ter\u00e7a-feira (18), no Conselho de \u00c9tica da C\u00e2mara. \u2013 Quem s\u00e3o eles os ministros para calarem a sociedade ou colocarem o adubo do [&hellip;]<\/p>\n","protected":false},"author":2,"featured_media":8489,"comment_status":"open","ping_status":"open","sticky":false,"template":"","format":"standard","meta":[],"categories":[4],"tags":[],"_links":{"self":[{"href":"https:\/\/dgospel.com.br\/portal\/index.php\/wp-json\/wp\/v2\/posts\/8488"}],"collection":[{"href":"https:\/\/dgospel.com.br\/portal\/index.php\/wp-json\/wp\/v2\/posts"}],"about":[{"href":"https:\/\/dgospel.com.br\/portal\/index.php\/wp-json\/wp\/v2\/types\/post"}],"author":[{"embeddable":true,"href":"https:\/\/dgospel.com.br\/portal\/index.php\/wp-json\/wp\/v2\/users\/2"}],"replies":[{"embeddable":true,"href":"https:\/\/dgospel.com.br\/portal\/index.php\/wp-json\/wp\/v2\/comments?post=8488"}],"version-history":[{"count":1,"href":"https:\/\/dgospel.com.br\/portal\/index.php\/wp-json\/wp\/v2\/posts\/8488\/revisions"}],"predecessor-version":[{"id":8490,"href":"https:\/\/dgospel.com.br\/portal\/index.php\/wp-json\/wp\/v2\/posts\/8488\/revisions\/8490"}],"wp:featuredmedia":[{"embeddable":true,"href":"https:\/\/dgospel.com.br\/portal\/index.php\/wp-json\/wp\/v2\/media\/8489"}],"wp:attachment":[{"href":"https:\/\/dgospel.com.br\/portal\/index.php\/wp-json\/wp\/v2\/media?parent=8488"}],"wp:term":[{"taxonomy":"category","embeddable":true,"href":"https:\/\/dgospel.com.br\/portal\/index.php\/wp-json\/wp\/v2\/categories?post=8488"},{"taxonomy":"post_tag","embeddable":true,"href":"https:\/\/dgospel.com.br\/portal\/index.php\/wp-json\/wp\/v2\/tags?post=8488"}],"curies":[{"name":"wp","href":"https:\/\/api.w.org\/{rel}","templated":true}]}}