{"id":849,"date":"2018-07-27T09:43:00","date_gmt":"2018-07-27T12:43:00","guid":{"rendered":"http:\/\/dgospel.com.br\/portal\/?p=849"},"modified":"2018-07-27T09:43:00","modified_gmt":"2018-07-27T12:43:00","slug":"convencao-do-solidariedade-tocantins-sera-no-dia-5-de-agosto","status":"publish","type":"post","link":"https:\/\/dgospel.com.br\/portal\/index.php\/2018\/07\/27\/convencao-do-solidariedade-tocantins-sera-no-dia-5-de-agosto\/","title":{"rendered":"Conven\u00e7\u00e3o do Solidariedade  Tocantins ser\u00e1  no dia 5 de agosto"},"content":{"rendered":"<p>O presidente do\u00a0Solidariedade\u00a0do Tocantins, deputado Vilmar, emitiu edital convocando todos os convencionais,\u00a0 \u00a0bem como os membros da Comiss\u00e3o\u00a0 Provis\u00f3ria Estadual e respectivos filiados\u00a0 para a\u00a0Conven\u00e7\u00e3o\u00a0 Estadual do partido para as Elei\u00e7\u00f5es Majorit\u00e1rias e Proporcionais de 7 de Outubro.<\/p>\n<p>&nbsp;<\/p>\n<p>O evento ser\u00e1\u00a0 no domingo, dia 5 de agosto, com abertura \u00e0s 9h e encerramento\u00a0 \u00e0s 18h, na sede do partido em Palmas, localizada na\u00a0<a href=\"https:\/\/maps.google.com\/?q=quadra+603+sul,+al+3,+lt+5,+apto+1&amp;entry=gmail&amp;source=g\">quadra 603 sul, al 3, lt 5, apto 1<\/a>.<\/p>\n<p>&nbsp;<\/p>\n<p>Na pauta de vota\u00e7\u00f5es estar\u00e1 a escolha e homologa\u00e7\u00e3o dos candidatos ao cargo de governador\u00a0 e vice-governador do Estado, Senador e respectivos suplentes, Deputados Federais e Deputados Estaduais, al\u00e9m de delibera\u00e7\u00e3o sobre poss\u00edveis forma\u00e7\u00f5es de coliga\u00e7\u00f5es partid\u00e1rias e suas respetivas denomina\u00e7\u00f5es, e tamb\u00e9m sobre outros assuntos\u00a0 de interesse do partido.<\/p>\n<p><img loading=\"lazy\" class=\"alignnone size-medium wp-image-851\" src=\"http:\/\/dgospel.com.br\/portal\/wp-content\/uploads\/2018\/07\/WhatsApp-Image-2018-07-25-at-17.34.26-225x300.jpeg\" alt=\"\" width=\"225\" height=\"300\" srcset=\"https:\/\/dgospel.com.br\/portal\/wp-content\/uploads\/2018\/07\/WhatsApp-Image-2018-07-25-at-17.34.26-225x300.jpeg 225w, https:\/\/dgospel.com.br\/portal\/wp-content\/uploads\/2018\/07\/WhatsApp-Image-2018-07-25-at-17.34.26-768x1024.jpeg 768w, https:\/\/dgospel.com.br\/portal\/wp-content\/uploads\/2018\/07\/WhatsApp-Image-2018-07-25-at-17.34.26.jpeg 774w\" sizes=\"(max-width: 225px) 100vw, 225px\" \/><\/p>\n","protected":false},"excerpt":{"rendered":"<p>O presidente do\u00a0Solidariedade\u00a0do Tocantins, deputado Vilmar, emitiu edital convocando todos os convencionais,\u00a0 \u00a0bem como os membros da Comiss\u00e3o\u00a0 Provis\u00f3ria Estadual e respectivos filiados\u00a0 para a\u00a0Conven\u00e7\u00e3o\u00a0 Estadual do partido para as Elei\u00e7\u00f5es Majorit\u00e1rias e Proporcionais de 7 de Outubro. &nbsp; O evento ser\u00e1\u00a0 no domingo, dia 5 de agosto, com abertura \u00e0s 9h e encerramento\u00a0 \u00e0s [&hellip;]<\/p>\n","protected":false},"author":2,"featured_media":850,"comment_status":"open","ping_status":"open","sticky":false,"template":"","format":"standard","meta":[],"categories":[2,4],"tags":[],"_links":{"self":[{"href":"https:\/\/dgospel.com.br\/portal\/index.php\/wp-json\/wp\/v2\/posts\/849"}],"collection":[{"href":"https:\/\/dgospel.com.br\/portal\/index.php\/wp-json\/wp\/v2\/posts"}],"about":[{"href":"https:\/\/dgospel.com.br\/portal\/index.php\/wp-json\/wp\/v2\/types\/post"}],"author":[{"embeddable":true,"href":"https:\/\/dgospel.com.br\/portal\/index.php\/wp-json\/wp\/v2\/users\/2"}],"replies":[{"embeddable":true,"href":"https:\/\/dgospel.com.br\/portal\/index.php\/wp-json\/wp\/v2\/comments?post=849"}],"version-history":[{"count":1,"href":"https:\/\/dgospel.com.br\/portal\/index.php\/wp-json\/wp\/v2\/posts\/849\/revisions"}],"predecessor-version":[{"id":852,"href":"https:\/\/dgospel.com.br\/portal\/index.php\/wp-json\/wp\/v2\/posts\/849\/revisions\/852"}],"wp:featuredmedia":[{"embeddable":true,"href":"https:\/\/dgospel.com.br\/portal\/index.php\/wp-json\/wp\/v2\/media\/850"}],"wp:attachment":[{"href":"https:\/\/dgospel.com.br\/portal\/index.php\/wp-json\/wp\/v2\/media?parent=849"}],"wp:term":[{"taxonomy":"category","embeddable":true,"href":"https:\/\/dgospel.com.br\/portal\/index.php\/wp-json\/wp\/v2\/categories?post=849"},{"taxonomy":"post_tag","embeddable":true,"href":"https:\/\/dgospel.com.br\/portal\/index.php\/wp-json\/wp\/v2\/tags?post=849"}],"curies":[{"name":"wp","href":"https:\/\/api.w.org\/{rel}","templated":true}]}}