{"id":8494,"date":"2021-05-18T23:47:51","date_gmt":"2021-05-19T02:47:51","guid":{"rendered":"http:\/\/dgospel.com.br\/portal\/?p=8494"},"modified":"2021-05-18T23:47:52","modified_gmt":"2021-05-19T02:47:52","slug":"previsao-para-retorno-das-aulas-presenciais-na-rede-municipal-de-palmas-e-dia-31-de-maio","status":"publish","type":"post","link":"https:\/\/dgospel.com.br\/portal\/index.php\/2021\/05\/18\/previsao-para-retorno-das-aulas-presenciais-na-rede-municipal-de-palmas-e-dia-31-de-maio\/","title":{"rendered":"Previs\u00e3o para retorno das aulas presenciais na rede municipal de Palmas \u00e9 dia 31 de maio"},"content":{"rendered":"\n<p>Durante reuni\u00e3o entre a secret\u00e1ria municipal de Educa\u00e7\u00e3o, Cleizenir dos Santos, e equipe de gestores educacionais na tarde desta segunda-feira, 17, foi definida a data de 31 de maio para o poss\u00edvel retorno das aulas presenciais na rede municipal de ensino. A efetiva\u00e7\u00e3o da medida na data prevista segue \u00e0s orienta\u00e7\u00f5es do Centro de Opera\u00e7\u00f5es de Emerg\u00eancia em Sa\u00fade (COE-Palmas Covid-19) e a evolu\u00e7\u00e3o do cen\u00e1rio epidemiol\u00f3gico da Covid-19.<\/p>\n\n\n\n<p>O retorno das aulas no formato h\u00edbrido \u00e9 norteado pelo&nbsp;<a rel=\"noreferrer noopener\" target=\"_blank\" href=\"https:\/\/f4f11880-1602-4b2f-9509-707bf8d33dd5.filesusr.com\/ugd\/dd59cb_6bae72e86cdd442d83a182da40b9c468.pdf\">Plano de Retomada das aulas 2021<\/a>, que estabelece entre outras orienta\u00e7\u00f5es, a ocupa\u00e7\u00e3o do espa\u00e7o das escolas por 50% dos alunos matriculados como uma das medidas de preven\u00e7\u00e3o \u00e0 propaga\u00e7\u00e3o do v\u00edrus. As turmas que iniciar\u00e3o o processo gradativo da retomada presencial s\u00e3o as de 1\u00ba ao 5\u00ba ano, em virtude da maior necessidade da presen\u00e7a f\u00edsica do professor nos anos de alfabetiza\u00e7\u00e3o e letramento. \u201cAs turmas do 6\u00ba ao 9\u00ba ano disp\u00f5em de mais habilidades e conhecimentos que propiciam o acompanhamento das atividades na ferramenta Palmas Home School com desenvoltura, por isso vamos priorizar a presen\u00e7a dos professores nas turmas iniciais\u201d, explicou a secret\u00e1ria.<\/p>\n\n\n\n<p>As escolas de tempo parcial continuar\u00e3o atendendo nos dois turnos. Os alunos das escolas de tempo integral ter\u00e3o suas aulas do n\u00facleo comum em tempo parcial no per\u00edodo matutino, sendo que as aulas da parte diversificada ser\u00e3o por meio da ferramenta Palmas Home School e\/ou bloco impresso.<\/p>\n\n\n\n<p><a rel=\"noreferrer noopener\" target=\"_blank\" href=\"http:\/\/diariooficial.palmas.to.gov.br\/media\/diario\/2686-suplemento-1-26-2-2021-21-1-39.pdf\">A portaria Semed 0039, de 21 de fevereiro de 2021<\/a>, que torna oficial o Plano de A\u00e7\u00e3o de Retomada das Atividades Escolares 2021, adota outras provid\u00eancias como a defini\u00e7\u00e3o do Calend\u00e1rio Escolar 2021 da rede municipal de ensino de Palmas enquanto durar a pandemia do coronav\u00edrus.<\/p>\n","protected":false},"excerpt":{"rendered":"<p>Durante reuni\u00e3o entre a secret\u00e1ria municipal de Educa\u00e7\u00e3o, Cleizenir dos Santos, e equipe de gestores educacionais na tarde desta segunda-feira, 17, foi definida a data de 31 de maio para o poss\u00edvel retorno das aulas presenciais na rede municipal de ensino. A efetiva\u00e7\u00e3o da medida na data prevista segue \u00e0s orienta\u00e7\u00f5es do Centro de Opera\u00e7\u00f5es [&hellip;]<\/p>\n","protected":false},"author":2,"featured_media":8495,"comment_status":"open","ping_status":"open","sticky":false,"template":"","format":"standard","meta":[],"categories":[4],"tags":[13],"_links":{"self":[{"href":"https:\/\/dgospel.com.br\/portal\/index.php\/wp-json\/wp\/v2\/posts\/8494"}],"collection":[{"href":"https:\/\/dgospel.com.br\/portal\/index.php\/wp-json\/wp\/v2\/posts"}],"about":[{"href":"https:\/\/dgospel.com.br\/portal\/index.php\/wp-json\/wp\/v2\/types\/post"}],"author":[{"embeddable":true,"href":"https:\/\/dgospel.com.br\/portal\/index.php\/wp-json\/wp\/v2\/users\/2"}],"replies":[{"embeddable":true,"href":"https:\/\/dgospel.com.br\/portal\/index.php\/wp-json\/wp\/v2\/comments?post=8494"}],"version-history":[{"count":1,"href":"https:\/\/dgospel.com.br\/portal\/index.php\/wp-json\/wp\/v2\/posts\/8494\/revisions"}],"predecessor-version":[{"id":8496,"href":"https:\/\/dgospel.com.br\/portal\/index.php\/wp-json\/wp\/v2\/posts\/8494\/revisions\/8496"}],"wp:featuredmedia":[{"embeddable":true,"href":"https:\/\/dgospel.com.br\/portal\/index.php\/wp-json\/wp\/v2\/media\/8495"}],"wp:attachment":[{"href":"https:\/\/dgospel.com.br\/portal\/index.php\/wp-json\/wp\/v2\/media?parent=8494"}],"wp:term":[{"taxonomy":"category","embeddable":true,"href":"https:\/\/dgospel.com.br\/portal\/index.php\/wp-json\/wp\/v2\/categories?post=8494"},{"taxonomy":"post_tag","embeddable":true,"href":"https:\/\/dgospel.com.br\/portal\/index.php\/wp-json\/wp\/v2\/tags?post=8494"}],"curies":[{"name":"wp","href":"https:\/\/api.w.org\/{rel}","templated":true}]}}