{"id":8498,"date":"2021-05-20T23:06:18","date_gmt":"2021-05-21T02:06:18","guid":{"rendered":"http:\/\/dgospel.com.br\/portal\/?p=8498"},"modified":"2021-05-20T23:06:19","modified_gmt":"2021-05-21T02:06:19","slug":"palmas-32-anos-capital-tocantinense-e-destaque-no-cenario-nacional-em-varios-indicadores","status":"publish","type":"post","link":"https:\/\/dgospel.com.br\/portal\/index.php\/2021\/05\/20\/palmas-32-anos-capital-tocantinense-e-destaque-no-cenario-nacional-em-varios-indicadores\/","title":{"rendered":"Palmas 32 anos: Capital tocantinense \u00e9 destaque no cen\u00e1rio nacional em v\u00e1rios indicadores"},"content":{"rendered":"\n<p>Palmas completa 32 anos nesta quinta-feira, 20, e mesmo t\u00e3o jovem, j\u00e1 se destaca no cen\u00e1rio nacional como uma das capitais com melhor qualidade de vida e com boas op\u00e7\u00f5es de neg\u00f3cios. No Ranking Connected Smart Cities e Mobility, edi\u00e7\u00e3o de 2020, Palmas aparece em 2\u00b0 lugar no indicador de Sa\u00fade e, no \u00cdndice dos Desafios da Gest\u00e3o Municipal (IDGM), em 1\u00ba lugar. No estudo produzido pela consultoria Urban Systems, feito a pedido da revista Exame em 2020, Palmas \u00e9 destaque entre as melhores cidades para fazer neg\u00f3cios.<\/p>\n\n\n\n<p>A Capital tocantinense destacou-se em 1\u00b0 lugar pela cobertura das equipes de aten\u00e7\u00e3o b\u00e1sica de sa\u00fade no ranking das 100 melhores cidades na \u00e1rea da Sa\u00fade, alcan\u00e7ando \u00edndices melhores que os munic\u00edpios do Sul e do Sudeste, conforme o IDGM de 2020. O estudo sintetiza indicadores de mortalidade infantil, de acesso \u00e0 assist\u00eancia pr\u00e9-natal e \u00e0 aten\u00e7\u00e3o b\u00e1sica e de mortalidade prematura por doen\u00e7as cr\u00f4nicas.<\/p>\n\n\n\n<p>Tamb\u00e9m no ranking Connected Smart Cities e Mobility &#8211; Edi\u00e7\u00e3o 2020, Palmas ficou em 2\u00ba lugar na \u00e1rea da Sa\u00fade, destacando-se por ser uma cidade com 100% de cobertura pela aten\u00e7\u00e3o b\u00e1sica, formada por 86 equipes de sa\u00fade da fam\u00edlia, 34 unidades de sa\u00fade e 450 agentes de sa\u00fade. O estudo mensurou os dados de 673 cidades, sendo: 48 com mais de 500 mil habitantes, 274 com 100 a 500 mil habitantes e 349 com 50 a 100 mil habitantes.<\/p>\n\n\n\n<p><strong>Neg\u00f3cios<\/strong><\/p>\n\n\n\n<p>No recorte de Servi\u00e7os do estudo da Urban Systems, Palmas aparece em 3\u00ba lugar no mapa das melhores cidades para investir na \u00e1rea, atr\u00e1s de Florian\u00f3polis (SC) e Barueri (SP). O estudo considerou 326 munic\u00edpios brasileiros com mais de 100 mil habitantes, fazendo uma an\u00e1lise desde 2014, buscando pontuar as cidades mais atrativas para o desenvolvimento de neg\u00f3cios, levando em considera\u00e7\u00e3o, inclusive, o per\u00edodo da pandemia.<\/p>\n\n\n\n<p>Palmas tamb\u00e9m ficou bem colocada no recorte da Educa\u00e7\u00e3o, ficando na 5\u00aa coloca\u00e7\u00e3o no mapa das melhores cidades para se investir. Foram considerados 12 indicadores, entre os quais matr\u00edculas na educa\u00e7\u00e3o b\u00e1sica e superior, escolas e varia\u00e7\u00e3o do n\u00famero de alunos por escola na educa\u00e7\u00e3o b\u00e1sica e superior, al\u00e9m de saldo de empregos e qualifica\u00e7\u00e3o dos empregos na educa\u00e7\u00e3o. No recorte do Com\u00e9rcio, Palmas ficou na 24\u00aa posi\u00e7\u00e3o. O estudo considerou o in\u00edcio da pandemia, com dados do per\u00edodo de janeiro a agosto de 2020.<\/p>\n\n\n\n<p><br><strong>Capital humano<\/strong><\/p>\n\n\n\n<p>Palmas se destacou no \u00cdndice Cidades Empreendedoras &#8211; Brasil 2020 no \u00edndice Capital Humano, ou seja, acesso e qualidade da m\u00e3o de obra b\u00e1sica e acesso e qualidade da m\u00e3o de obra qualificada, ficando em 5\u00b0 lugar, atr\u00e1s de Florian\u00f3polis (SC), Vit\u00f3ria (ES), Niter\u00f3i (RJ) e Juiz de Fora (MG). O estudo destaca que a qualifica\u00e7\u00e3o dos funcion\u00e1rios \u00e9 uma das principais caracter\u00edsticas que o empreendedor busca para compor a sua empresa, sendo destacado o desempenho da capital tocantinense no \u00cdndice de Desenvolvimento da Educa\u00e7\u00e3o B\u00e1sica (Ideb).<\/p>\n\n\n\n<p><strong>Sustentabilidade<\/strong><\/p>\n\n\n\n<p>Palmas est\u00e1 em destaque nacional em outra \u00e1rea fundamental para medir a qualidade de vida de uma cidade, o saneamento b\u00e1sico. No quesito do atendimento da popula\u00e7\u00e3o com \u00e1gua tratada, coleta de esgoto e de res\u00edduos, Palmas, com seus 32 anos, destaca-se entre as capitais brasileiras, com resultados bem melhores que as cidades centen\u00e1rias. Conforme o Sistema Nacional de Informa\u00e7\u00f5es sobre Saneamento (SNIS), dados de 2019, 100% da popula\u00e7\u00e3o urbana de Palmas \u00e9 atendida com \u00e1gua tratada, 88,22% com coleta de esgoto e 100% com a coleta de res\u00edduos.<\/p>\n\n\n\n<p>Palmas busca ser modelo nacional tamb\u00e9m na gera\u00e7\u00e3o de energia solar e o projeto \u00e9 gerar 100% de sua eletricidade usando o modelo solar, at\u00e9 2035. O projeto Palmas Solar, iniciado em 2015, estabelece incentivos tribut\u00e1rios para empresas e resid\u00eancias instalarem pain\u00e9is fotovoltaicos de energia solar e para alimentar a grade de gera\u00e7\u00e3o excedente de eletricidade.<\/p>\n\n\n\n<p><br><strong>Turismo<\/strong><\/p>\n\n\n\n<p>A capital mais jovem do Brasil j\u00e1 se estabeleceu como um marco tur\u00edstico, e est\u00e1 entre as dez capitais escolhidas pelo Minist\u00e9rio do Turismo para integrar o projeto-piloto Destinos Tur\u00edsticos Inteligentes (DTI), uma iniciativa in\u00e9dita no Brasil, que busca preparar os munic\u00edpios para ofertar experi\u00eancias inovadoras aos visitantes e promover melhorias da gest\u00e3o e dos n\u00edveis de competitividade tur\u00edstica.<\/p>\n\n\n\n<p>Com a implanta\u00e7\u00e3o deste projeto, a cidade vai oferecer aos seus visitantes produtos e experi\u00eancias inovadoras e de qualidade, tendo como base a estrutura\u00e7\u00e3o e a converg\u00eancia de cinco pilares: governan\u00e7a; inova\u00e7\u00e3o; tecnologia; sustentabilidade; e acessibilidade.<\/p>\n","protected":false},"excerpt":{"rendered":"<p>Palmas completa 32 anos nesta quinta-feira, 20, e mesmo t\u00e3o jovem, j\u00e1 se destaca no cen\u00e1rio nacional como uma das capitais com melhor qualidade de vida e com boas op\u00e7\u00f5es de neg\u00f3cios. No Ranking Connected Smart Cities e Mobility, edi\u00e7\u00e3o de 2020, Palmas aparece em 2\u00b0 lugar no indicador de Sa\u00fade e, no \u00cdndice dos [&hellip;]<\/p>\n","protected":false},"author":2,"featured_media":8499,"comment_status":"open","ping_status":"open","sticky":false,"template":"","format":"standard","meta":[],"categories":[4],"tags":[13],"_links":{"self":[{"href":"https:\/\/dgospel.com.br\/portal\/index.php\/wp-json\/wp\/v2\/posts\/8498"}],"collection":[{"href":"https:\/\/dgospel.com.br\/portal\/index.php\/wp-json\/wp\/v2\/posts"}],"about":[{"href":"https:\/\/dgospel.com.br\/portal\/index.php\/wp-json\/wp\/v2\/types\/post"}],"author":[{"embeddable":true,"href":"https:\/\/dgospel.com.br\/portal\/index.php\/wp-json\/wp\/v2\/users\/2"}],"replies":[{"embeddable":true,"href":"https:\/\/dgospel.com.br\/portal\/index.php\/wp-json\/wp\/v2\/comments?post=8498"}],"version-history":[{"count":1,"href":"https:\/\/dgospel.com.br\/portal\/index.php\/wp-json\/wp\/v2\/posts\/8498\/revisions"}],"predecessor-version":[{"id":8500,"href":"https:\/\/dgospel.com.br\/portal\/index.php\/wp-json\/wp\/v2\/posts\/8498\/revisions\/8500"}],"wp:featuredmedia":[{"embeddable":true,"href":"https:\/\/dgospel.com.br\/portal\/index.php\/wp-json\/wp\/v2\/media\/8499"}],"wp:attachment":[{"href":"https:\/\/dgospel.com.br\/portal\/index.php\/wp-json\/wp\/v2\/media?parent=8498"}],"wp:term":[{"taxonomy":"category","embeddable":true,"href":"https:\/\/dgospel.com.br\/portal\/index.php\/wp-json\/wp\/v2\/categories?post=8498"},{"taxonomy":"post_tag","embeddable":true,"href":"https:\/\/dgospel.com.br\/portal\/index.php\/wp-json\/wp\/v2\/tags?post=8498"}],"curies":[{"name":"wp","href":"https:\/\/api.w.org\/{rel}","templated":true}]}}