{"id":8501,"date":"2021-05-21T00:50:38","date_gmt":"2021-05-21T03:50:38","guid":{"rendered":"http:\/\/dgospel.com.br\/portal\/?p=8501"},"modified":"2021-05-21T00:50:39","modified_gmt":"2021-05-21T03:50:39","slug":"bolsonaro-e-recebido-com-festa-no-aeroporto-de-palmas-no-dia-do-aniversario-da-capital-do-tocantins","status":"publish","type":"post","link":"https:\/\/dgospel.com.br\/portal\/index.php\/2021\/05\/21\/bolsonaro-e-recebido-com-festa-no-aeroporto-de-palmas-no-dia-do-aniversario-da-capital-do-tocantins\/","title":{"rendered":"Bolsonaro \u00e9 recebido com festa no aeroporto de Palmas no dia do anivers\u00e1rio da capital do Tocantins"},"content":{"rendered":"\n<p>Na manh\u00e3 desta quinta-feira, 20 de maio, no dia em que Palmas capital do Tocantins completa 32 anos de funda\u00e7\u00e3o, o presidente\u00a0<a rel=\"noreferrer noopener\" href=\"https:\/\/pleno.news\/tag\/jair-bolsonaro\" target=\"_blank\">Jair Bolsonaro<\/a>\u00a0aterrissou na capital tocantinense para uma r\u00e1pida parada, e foi recebido com festa por uma multid\u00e3o de apoiadores que o aguardava no aeroporto. Os presentes aplaudiam e gritavam \u201cmito\u201d.<\/p>\n\n\n\n<p>Logo ap\u00f3s cumprimentar o\npovo, o presidente seguiu para o Piau\u00ed para participar, juntamente com o\nministro Tarc\u00edsio de Freitas, da inaugura\u00e7\u00e3o da ponte sobre o Rio Parna\u00edba,\nentre os munic\u00edpios de Santa Filomena (PI) e Alto Parna\u00edba (MA).<\/p>\n\n\n\n<figure class=\"wp-block-image\"><img src=\"https:\/\/static.cdn.pleno.news\/2021\/05\/51191997836_903ee7f0d5_k-768x512.jpg\" alt=\"Bolsonaro \u00e9 recebido com festa em Palmas (TO)\"\/><figcaption>Bolsonaro \u00e9 recebido com festa em Palmas (TO)\u00a0\/ Foto: Isac N\u00f3brega\/PR<\/figcaption><\/figure>\n\n\n\n<figure class=\"wp-block-image\"><img src=\"https:\/\/static.cdn.pleno.news\/2021\/05\/51193068085_bbd0b69343_k-768x512.jpg\" alt=\"Bolsonaro \u00e9 recebido com festa em Palmas (TO)\"\/><figcaption>Bolsonaro \u00e9 recebido com festa em Palmas (TO)&nbsp;\/ Foto: Isac N\u00f3brega\/PR<\/figcaption><\/figure>\n\n\n\n<figure class=\"wp-block-image\"><img src=\"https:\/\/static.cdn.pleno.news\/2021\/05\/51193068140_9337585337_k-768x512.jpg\" alt=\"Bolsonaro \u00e9 recebido com festa em Palmas (TO)\"\/><figcaption>Bolsonaro \u00e9 recebido com festa em Palmas (TO)&nbsp;\/ Foto: Isac N\u00f3brega\/PR<\/figcaption><\/figure>\n\n\n\n<figure class=\"wp-block-image\"><img src=\"https:\/\/static.cdn.pleno.news\/2021\/05\/51192218948_358ce5c5a3_k-768x512.jpg\" alt=\"Bolsonaro \u00e9 recebido com festa em Palmas (TO)\"\/><figcaption>Bolsonaro \u00e9 recebido com festa em Palmas (TO)&nbsp;\/ Foto: Isac N\u00f3brega\/PR<\/figcaption><\/figure>\n\n\n\n<figure class=\"wp-block-image\"><img src=\"https:\/\/static.cdn.pleno.news\/2021\/05\/51192774334_f6694a5c12_k-768x512.jpg\" alt=\"Bolsonaro \u00e9 recebido com festa em Palmas (TO)\"\/><figcaption>Bolsonaro \u00e9 recebido com festa em Palmas (TO)&nbsp;\/ Foto: Isac N\u00f3brega\/PR<\/figcaption><\/figure>\n\n\n\n<figure class=\"wp-block-image\"><img src=\"https:\/\/static.cdn.pleno.news\/2021\/05\/51191292602_c2601fad87_k-768x512.jpg\" alt=\"Bolsonaro \u00e9 recebido com festa em Palmas (TO)\"\/><figcaption><br>Bolsonaro \u00e9 recebido com festa em Palmas (TO)\u00a0\/ Foto: Isac N\u00f3brega\/PR<br><\/figcaption><\/figure>\n\n\n\n<figure class=\"wp-block-video\"><video controls src=\"http:\/\/dgospel.com.br\/portal\/wp-content\/uploads\/2021\/05\/WhatsApp-Video-2021-05-20-at-12.45.14.mp4\"><\/video><\/figure>\n","protected":false},"excerpt":{"rendered":"<p>Na manh\u00e3 desta quinta-feira, 20 de maio, no dia em que Palmas capital do Tocantins completa 32 anos de funda\u00e7\u00e3o, o presidente\u00a0Jair Bolsonaro\u00a0aterrissou na capital tocantinense para uma r\u00e1pida parada, e foi recebido com festa por uma multid\u00e3o de apoiadores que o aguardava no aeroporto. Os presentes aplaudiam e gritavam \u201cmito\u201d. Logo ap\u00f3s cumprimentar o [&hellip;]<\/p>\n","protected":false},"author":2,"featured_media":8503,"comment_status":"open","ping_status":"open","sticky":false,"template":"","format":"standard","meta":[],"categories":[4],"tags":[],"_links":{"self":[{"href":"https:\/\/dgospel.com.br\/portal\/index.php\/wp-json\/wp\/v2\/posts\/8501"}],"collection":[{"href":"https:\/\/dgospel.com.br\/portal\/index.php\/wp-json\/wp\/v2\/posts"}],"about":[{"href":"https:\/\/dgospel.com.br\/portal\/index.php\/wp-json\/wp\/v2\/types\/post"}],"author":[{"embeddable":true,"href":"https:\/\/dgospel.com.br\/portal\/index.php\/wp-json\/wp\/v2\/users\/2"}],"replies":[{"embeddable":true,"href":"https:\/\/dgospel.com.br\/portal\/index.php\/wp-json\/wp\/v2\/comments?post=8501"}],"version-history":[{"count":1,"href":"https:\/\/dgospel.com.br\/portal\/index.php\/wp-json\/wp\/v2\/posts\/8501\/revisions"}],"predecessor-version":[{"id":8504,"href":"https:\/\/dgospel.com.br\/portal\/index.php\/wp-json\/wp\/v2\/posts\/8501\/revisions\/8504"}],"wp:featuredmedia":[{"embeddable":true,"href":"https:\/\/dgospel.com.br\/portal\/index.php\/wp-json\/wp\/v2\/media\/8503"}],"wp:attachment":[{"href":"https:\/\/dgospel.com.br\/portal\/index.php\/wp-json\/wp\/v2\/media?parent=8501"}],"wp:term":[{"taxonomy":"category","embeddable":true,"href":"https:\/\/dgospel.com.br\/portal\/index.php\/wp-json\/wp\/v2\/categories?post=8501"},{"taxonomy":"post_tag","embeddable":true,"href":"https:\/\/dgospel.com.br\/portal\/index.php\/wp-json\/wp\/v2\/tags?post=8501"}],"curies":[{"name":"wp","href":"https:\/\/api.w.org\/{rel}","templated":true}]}}