{"id":8519,"date":"2021-05-25T16:47:59","date_gmt":"2021-05-25T19:47:59","guid":{"rendered":"http:\/\/dgospel.com.br\/portal\/?p=8519"},"modified":"2021-05-25T16:48:00","modified_gmt":"2021-05-25T19:48:00","slug":"projeto-de-leo-barbosa-institui-semana-de-promocao-a-saude-mental-nas-escolas","status":"publish","type":"post","link":"https:\/\/dgospel.com.br\/portal\/index.php\/2021\/05\/25\/projeto-de-leo-barbosa-institui-semana-de-promocao-a-saude-mental-nas-escolas\/","title":{"rendered":"Projeto de L\u00e9o Barbosa institui Semana de Promo\u00e7\u00e3o \u00e0 Sa\u00fade Mental nas escolas"},"content":{"rendered":"\n<p>\n\nA Assembleia Legislativa do Tocantins analisar\u00e1 Projeto de Lei que institui a Semana Estadual de Promo\u00e7\u00e3o \u00e0 Sa\u00fade Mental nas escolas. De autoria do deputado L\u00e9o Barbosa (Solidariedade), a finalidade da propositura apresentada nesta ter\u00e7a-feira (25) \u00e9 divulgar informa\u00e7\u00f5es e produzir esclarecimentos sobre o tema, dentro do ambiente escolar.<br>Segundo o texto, eventos, palestras e campanhas com o objetivo de gerar reflex\u00e3o e conscientiza\u00e7\u00e3o acerca da import\u00e2ncia do cuidado com a sa\u00fade mental dever\u00e3o ser realizadas durante a segunda semana de setembro, m\u00eas em que o Governo do Tocantins, por meio da Secretaria de Estado da Sa\u00fade (SES), criou a campanha Setembro Amarelo \u2013 Promo\u00e7\u00e3o da Vida, referente ao Dia Mundial de Preven\u00e7\u00e3o ao Suicido.<br>L\u00e9o Barbosa destaca que a escola tem um grande potencial para se tornar um espa\u00e7o seguro para conversas sobre sa\u00fade mental. &#8220;\u00c9 necess\u00e1rio promover momentos de conversa franca sobre ansiedade, depress\u00e3o, suic\u00eddio e outros temas que envolvem sa\u00fade mental. Isso pode acontecer na sala de aula, em grupos de apoio direcionados e at\u00e9 entre os pr\u00f3prios alunos&#8221;, ressaltou.<br>Outro projeto de Barbosa, com car\u00e1ter educativo, tamb\u00e9m tramita na Casa de Leis tocantinense. O PL n\u00b0 408\/2021 disp\u00f5e sobre a inclus\u00e3o no calend\u00e1rio escolar, como atividade extracurricular, de uma &#8220;oficina de profiss\u00f5es&#8221; para alunos de escolas p\u00fablicas estaduais e tem como objetivo instruir os alunos a terem mais clareza acerca da escolha da profiss\u00e3o a ser exercida, auxiliando-os na escolha do curso superior quando do ingresso nas Universidades.\u00c1rea de anexos<br><\/p>\n","protected":false},"excerpt":{"rendered":"<p>A Assembleia Legislativa do Tocantins analisar\u00e1 Projeto de Lei que institui a Semana Estadual de Promo\u00e7\u00e3o \u00e0 Sa\u00fade Mental nas escolas. De autoria do deputado L\u00e9o Barbosa (Solidariedade), a finalidade da propositura apresentada nesta ter\u00e7a-feira (25) \u00e9 divulgar informa\u00e7\u00f5es e produzir esclarecimentos sobre o tema, dentro do ambiente escolar.Segundo o texto, eventos, palestras e campanhas [&hellip;]<\/p>\n","protected":false},"author":2,"featured_media":8520,"comment_status":"open","ping_status":"open","sticky":false,"template":"","format":"standard","meta":[],"categories":[8],"tags":[13],"_links":{"self":[{"href":"https:\/\/dgospel.com.br\/portal\/index.php\/wp-json\/wp\/v2\/posts\/8519"}],"collection":[{"href":"https:\/\/dgospel.com.br\/portal\/index.php\/wp-json\/wp\/v2\/posts"}],"about":[{"href":"https:\/\/dgospel.com.br\/portal\/index.php\/wp-json\/wp\/v2\/types\/post"}],"author":[{"embeddable":true,"href":"https:\/\/dgospel.com.br\/portal\/index.php\/wp-json\/wp\/v2\/users\/2"}],"replies":[{"embeddable":true,"href":"https:\/\/dgospel.com.br\/portal\/index.php\/wp-json\/wp\/v2\/comments?post=8519"}],"version-history":[{"count":1,"href":"https:\/\/dgospel.com.br\/portal\/index.php\/wp-json\/wp\/v2\/posts\/8519\/revisions"}],"predecessor-version":[{"id":8521,"href":"https:\/\/dgospel.com.br\/portal\/index.php\/wp-json\/wp\/v2\/posts\/8519\/revisions\/8521"}],"wp:featuredmedia":[{"embeddable":true,"href":"https:\/\/dgospel.com.br\/portal\/index.php\/wp-json\/wp\/v2\/media\/8520"}],"wp:attachment":[{"href":"https:\/\/dgospel.com.br\/portal\/index.php\/wp-json\/wp\/v2\/media?parent=8519"}],"wp:term":[{"taxonomy":"category","embeddable":true,"href":"https:\/\/dgospel.com.br\/portal\/index.php\/wp-json\/wp\/v2\/categories?post=8519"},{"taxonomy":"post_tag","embeddable":true,"href":"https:\/\/dgospel.com.br\/portal\/index.php\/wp-json\/wp\/v2\/tags?post=8519"}],"curies":[{"name":"wp","href":"https:\/\/api.w.org\/{rel}","templated":true}]}}