{"id":8524,"date":"2021-05-25T17:01:28","date_gmt":"2021-05-25T20:01:28","guid":{"rendered":"http:\/\/dgospel.com.br\/portal\/?p=8524"},"modified":"2021-05-25T17:01:29","modified_gmt":"2021-05-25T20:01:29","slug":"confederacao-israelita-repudia-fala-de-calheiros-sobre-nazismo","status":"publish","type":"post","link":"https:\/\/dgospel.com.br\/portal\/index.php\/2021\/05\/25\/confederacao-israelita-repudia-fala-de-calheiros-sobre-nazismo\/","title":{"rendered":"Confedera\u00e7\u00e3o israelita repudia fala de Calheiros sobre nazismo"},"content":{"rendered":"\n<p>\n\nA Confedera\u00e7\u00e3o Israelita do Brasil (Conib) disse, em nota, repudiar \u201cmais uma vez compara\u00e7\u00f5es completamente indevidas do momento atual\u201d com \u201cos tr\u00e1gicos epis\u00f3dios do nazismo que culminaram no exterm\u00ednio de 6 milh\u00f5es de judeus no Holocausto\u201d.\n\n<\/p>\n\n\n\n<figure class=\"wp-block-image\"><img src=\"https:\/\/static.cdn.pleno.news\/2019\/01\/Renan-e1548102990478.jpg\" alt=\"\" class=\"wp-image-241744\"\/><figcaption>Senador Renan Calheiros compara a CPI da Covid ao Tribunal de Nuremberg&nbsp;Foto: Ag\u00eancia Brasil\/Fabio Rodrigues Pozzebom<\/figcaption><\/figure>\n\n\n\n<p> Na manh\u00e3 desta ter\u00e7a-feira (25), o relator da Comiss\u00e3o Parlamentar de Inqu\u00e9rito (CPI) da Covid no Senado,\u00a0<a rel=\"noreferrer noopener\" href=\"https:\/\/pleno.news\/tag\/renan-calheiros\" target=\"_blank\">Renan Calheiros<\/a>\u00a0(MDB-AL), comparou as fun\u00e7\u00f5es e responsabilidades do colegiado ao Tribunal de Nuremberg. Segundo o senador, \u201cum dos julgamentos mais famosos da hist\u00f3ria\u201d e no qual \u201co mundo procurou encontrar respostas para um crime at\u00e9 hoje inconceb\u00edvel, o genoc\u00eddio de seis milh\u00f5es de judeus nos campos de concentra\u00e7\u00e3o do regime nazista\u201d. <\/p>\n\n\n\n<p>A compara\u00e7\u00e3o irritou membros governistas da CPI, entre eles, o senador Fernando Bezerra (MDB-PE), Marcos Rog\u00e9rio (DEM-RO), Luis Carlos Heinze (PP-RS) e o filho do presidente, senador Fl\u00e1vio Bolsonaro (Republicanos-RJ).<\/p>\n\n\n\n<p>Para a confedera\u00e7\u00e3o, \u201cestas compara\u00e7\u00f5es, muitas vezes com fins pol\u00edticos, s\u00e3o um desrespeito \u00e0 mem\u00f3ria das v\u00edtimas do Holocausto e de seus descendentes\u201d. Atualmente, a Conib mant\u00e9m no ar a campanha&nbsp;<em>N\u00e3o compare o incompar\u00e1vel,<\/em>&nbsp;a fim de desestimular a banaliza\u00e7\u00e3o do Holocausto.<\/p>\n\n\n\n<p>*Estad\u00e3o<\/p>\n","protected":false},"excerpt":{"rendered":"<p>A Confedera\u00e7\u00e3o Israelita do Brasil (Conib) disse, em nota, repudiar \u201cmais uma vez compara\u00e7\u00f5es completamente indevidas do momento atual\u201d com \u201cos tr\u00e1gicos epis\u00f3dios do nazismo que culminaram no exterm\u00ednio de 6 milh\u00f5es de judeus no Holocausto\u201d. Na manh\u00e3 desta ter\u00e7a-feira (25), o relator da Comiss\u00e3o Parlamentar de Inqu\u00e9rito (CPI) da Covid no Senado,\u00a0Renan Calheiros\u00a0(MDB-AL), comparou [&hellip;]<\/p>\n","protected":false},"author":2,"featured_media":8525,"comment_status":"open","ping_status":"open","sticky":false,"template":"","format":"standard","meta":[],"categories":[4],"tags":[13,14],"_links":{"self":[{"href":"https:\/\/dgospel.com.br\/portal\/index.php\/wp-json\/wp\/v2\/posts\/8524"}],"collection":[{"href":"https:\/\/dgospel.com.br\/portal\/index.php\/wp-json\/wp\/v2\/posts"}],"about":[{"href":"https:\/\/dgospel.com.br\/portal\/index.php\/wp-json\/wp\/v2\/types\/post"}],"author":[{"embeddable":true,"href":"https:\/\/dgospel.com.br\/portal\/index.php\/wp-json\/wp\/v2\/users\/2"}],"replies":[{"embeddable":true,"href":"https:\/\/dgospel.com.br\/portal\/index.php\/wp-json\/wp\/v2\/comments?post=8524"}],"version-history":[{"count":1,"href":"https:\/\/dgospel.com.br\/portal\/index.php\/wp-json\/wp\/v2\/posts\/8524\/revisions"}],"predecessor-version":[{"id":8526,"href":"https:\/\/dgospel.com.br\/portal\/index.php\/wp-json\/wp\/v2\/posts\/8524\/revisions\/8526"}],"wp:featuredmedia":[{"embeddable":true,"href":"https:\/\/dgospel.com.br\/portal\/index.php\/wp-json\/wp\/v2\/media\/8525"}],"wp:attachment":[{"href":"https:\/\/dgospel.com.br\/portal\/index.php\/wp-json\/wp\/v2\/media?parent=8524"}],"wp:term":[{"taxonomy":"category","embeddable":true,"href":"https:\/\/dgospel.com.br\/portal\/index.php\/wp-json\/wp\/v2\/categories?post=8524"},{"taxonomy":"post_tag","embeddable":true,"href":"https:\/\/dgospel.com.br\/portal\/index.php\/wp-json\/wp\/v2\/tags?post=8524"}],"curies":[{"name":"wp","href":"https:\/\/api.w.org\/{rel}","templated":true}]}}