{"id":8530,"date":"2021-05-25T17:14:23","date_gmt":"2021-05-25T20:14:23","guid":{"rendered":"http:\/\/dgospel.com.br\/portal\/?p=8530"},"modified":"2021-05-25T17:14:25","modified_gmt":"2021-05-25T20:14:25","slug":"orgaos-do-governo-do-tocantins-assinam-termo-de-cooperacao-tecnica-com-o-objetivo-de-fortalecer-a-economia-tocantinense","status":"publish","type":"post","link":"https:\/\/dgospel.com.br\/portal\/index.php\/2021\/05\/25\/orgaos-do-governo-do-tocantins-assinam-termo-de-cooperacao-tecnica-com-o-objetivo-de-fortalecer-a-economia-tocantinense\/","title":{"rendered":"\u00d3rg\u00e3os do Governo do Tocantins assinam Termo de Coopera\u00e7\u00e3o T\u00e9cnica com o objetivo de fortalecer a economia tocantinense"},"content":{"rendered":"\n<p>O Governo do Tocantins conta com um novo esfor\u00e7o para promover o desenvolvimento econ\u00f4mico. A presidente da Junta Comercial do Tocantins (Jucetins), Tha\u00eds Coelho; e o secret\u00e1rio de Estado da Ind\u00fastria, Com\u00e9rcio e Servi\u00e7os (Sics), Tom Lyra, assinaram nessa segunda-feira, 24, o Termo de Coopera\u00e7\u00e3o T\u00e9cnica que consolida a articula\u00e7\u00e3o de a\u00e7\u00f5es para facilitar investimentos e fortalecer a economia do Estado.<\/p>\n\n\n\n<p>A coopera\u00e7\u00e3o estabelece interc\u00e2mbio de informa\u00e7\u00f5es cadastrais das empresas registradas no Tocantins, dados econ\u00f4micos, pesquisas e estudos setoriais, bem como a troca de informa\u00e7\u00f5es sobre projetos, oportunidades de investimentos, implanta\u00e7\u00e3o e expans\u00e3o de empreendimentos internacionais, nacionais e regionais.<\/p>\n\n\n\n<p>O Termo prev\u00ea ainda a participa\u00e7\u00e3o e a promo\u00e7\u00e3o conjunta de eventos, projetos e a\u00e7\u00f5es estrat\u00e9gicas relacionados ao est\u00edmulo e fortalecimento dos pequenos neg\u00f3cios.<\/p>\n\n\n\n<p>De acordo com a presidente da Jucetins, Tha\u00eds Coelho, essa coopera\u00e7\u00e3o fortalece ainda mais o desenvolvimento empresarial do Tocantins. \u201c\u00c9 extremamente importante que trabalhemos juntos tendo em vista a atra\u00e7\u00e3o de investimentos ao nosso Estado. As informa\u00e7\u00f5es que a Jucetins disp\u00f5e em seu banco de dados facilitam o trabalho da Sics, contribuindo efetivamente para o fortalecimento da economia, que \u00e9 uma determina\u00e7\u00e3o do governador Mauro Carlesse\u201d, explica.<\/p>\n\n\n\n<p>Reiterando o fortalecimento do di\u00e1logo entre as pastas, o secret\u00e1rio Tom Lyra pontuou que a iniciativa busca, ainda, atingir os munic\u00edpios do interior. \u201cA ideia \u00e9 levar os servi\u00e7os disponibilizados pela Jucetins e garantir apoio t\u00e9cnico da Sics, a todas as regi\u00f5es econ\u00f4micas do Estado. Dessa forma, conseguiremos diagnosticar as voca\u00e7\u00f5es municipais, escutar as demandas dos empres\u00e1rios e concretizar as a\u00e7\u00f5es planejadas\u201d, complementa.<\/p>\n","protected":false},"excerpt":{"rendered":"<p>O Governo do Tocantins conta com um novo esfor\u00e7o para promover o desenvolvimento econ\u00f4mico. A presidente da Junta Comercial do Tocantins (Jucetins), Tha\u00eds Coelho; e o secret\u00e1rio de Estado da Ind\u00fastria, Com\u00e9rcio e Servi\u00e7os (Sics), Tom Lyra, assinaram nessa segunda-feira, 24, o Termo de Coopera\u00e7\u00e3o T\u00e9cnica que consolida a articula\u00e7\u00e3o de a\u00e7\u00f5es para facilitar investimentos [&hellip;]<\/p>\n","protected":false},"author":2,"featured_media":8531,"comment_status":"open","ping_status":"open","sticky":false,"template":"","format":"standard","meta":[],"categories":[3],"tags":[13],"_links":{"self":[{"href":"https:\/\/dgospel.com.br\/portal\/index.php\/wp-json\/wp\/v2\/posts\/8530"}],"collection":[{"href":"https:\/\/dgospel.com.br\/portal\/index.php\/wp-json\/wp\/v2\/posts"}],"about":[{"href":"https:\/\/dgospel.com.br\/portal\/index.php\/wp-json\/wp\/v2\/types\/post"}],"author":[{"embeddable":true,"href":"https:\/\/dgospel.com.br\/portal\/index.php\/wp-json\/wp\/v2\/users\/2"}],"replies":[{"embeddable":true,"href":"https:\/\/dgospel.com.br\/portal\/index.php\/wp-json\/wp\/v2\/comments?post=8530"}],"version-history":[{"count":1,"href":"https:\/\/dgospel.com.br\/portal\/index.php\/wp-json\/wp\/v2\/posts\/8530\/revisions"}],"predecessor-version":[{"id":8532,"href":"https:\/\/dgospel.com.br\/portal\/index.php\/wp-json\/wp\/v2\/posts\/8530\/revisions\/8532"}],"wp:featuredmedia":[{"embeddable":true,"href":"https:\/\/dgospel.com.br\/portal\/index.php\/wp-json\/wp\/v2\/media\/8531"}],"wp:attachment":[{"href":"https:\/\/dgospel.com.br\/portal\/index.php\/wp-json\/wp\/v2\/media?parent=8530"}],"wp:term":[{"taxonomy":"category","embeddable":true,"href":"https:\/\/dgospel.com.br\/portal\/index.php\/wp-json\/wp\/v2\/categories?post=8530"},{"taxonomy":"post_tag","embeddable":true,"href":"https:\/\/dgospel.com.br\/portal\/index.php\/wp-json\/wp\/v2\/tags?post=8530"}],"curies":[{"name":"wp","href":"https:\/\/api.w.org\/{rel}","templated":true}]}}