{"id":8533,"date":"2021-05-25T17:29:24","date_gmt":"2021-05-25T20:29:24","guid":{"rendered":"http:\/\/dgospel.com.br\/portal\/?p=8533"},"modified":"2021-05-25T17:29:26","modified_gmt":"2021-05-25T20:29:26","slug":"pastor-jose-wellington-deixa-uti-apos-internacao-por-covid","status":"publish","type":"post","link":"https:\/\/dgospel.com.br\/portal\/index.php\/2021\/05\/25\/pastor-jose-wellington-deixa-uti-apos-internacao-por-covid\/","title":{"rendered":"Pastor Jos\u00e9 Wellington deixa UTI ap\u00f3s interna\u00e7\u00e3o por Covid"},"content":{"rendered":"\n<p>O pastor Jos\u00e9 Wellington Bezerra da Costa, l\u00edder da da Assembleia de Deus Bel\u00e9m do estado de SP, recebeu alta da UTI e foi para o quarto nesta quarta-feira (19). Com 86 anos, ele&nbsp;<strong><a href=\"https:\/\/folhagospel.com\/pastor-jose-wellington-lider-da-assembleia-de-deus-e-internado-com-covid-19\/\" target=\"_blank\" rel=\"noreferrer noopener\">foi internado com Covid-19 na semana passada<\/a><\/strong>&nbsp;em SP.<\/p>\n\n\n\n<p>A atualiza\u00e7\u00e3o do quadro do pastor foi feita pelo filho, o pastor Jos\u00e9 Wellington Junior, em grupo de Whatsapp da denomina\u00e7\u00e3o.<\/p>\n\n\n\n<p>\u201cOs procedimentos mais espec\u00edficos a que se submeteu na UTI, foram finalizados alcan\u00e7ando os bons resultados esperados, Gra\u00e7as a Deus\u201d, relatou o filho.<\/p>\n\n\n\n<p>O pastor Jos\u00e9 Wellington Junior, que \u00e9 presidente da CGADB (Conven\u00e7\u00e3o Geral das Assembleias de Deus do Brasil), agradeceu as ora\u00e7\u00f5es e o carinho de todos que intercederam pelo pai. Ele afirmou que est\u00e1 crendo que Deus o restaurar\u00e1 completamente.<\/p>\n\n\n\n<p>\u201cContinuemos em ora\u00e7\u00e3o, O Senhor nosso Deus tem nos ouvido e atendido. Aquele que iniciou a boa obra aperfei\u00e7oar\u00e1\u201d, testemunhou.<\/p>\n\n\n\n<p>Jos\u00e9 Wellington Bezerra foi presidente da CGADB por quase duas d\u00e9cadas, se consagrando como um dos maiores l\u00edderes da AD dos dias atuais. A Assembleia de Deus \u00e9 a maior denomina\u00e7\u00e3o evang\u00e9lica do Brasil com 6 milh\u00f5es de fi\u00e9is em 283 mil igrejas pelo pa\u00eds.<\/p>\n\n\n\n\n\n<p><strong>Fonte: Guia-me<\/strong><\/p>\n","protected":false},"excerpt":{"rendered":"<p>O pastor Jos\u00e9 Wellington Bezerra da Costa, l\u00edder da da Assembleia de Deus Bel\u00e9m do estado de SP, recebeu alta da UTI e foi para o quarto nesta quarta-feira (19). Com 86 anos, ele&nbsp;foi internado com Covid-19 na semana passada&nbsp;em SP. A atualiza\u00e7\u00e3o do quadro do pastor foi feita pelo filho, o pastor Jos\u00e9 Wellington [&hellip;]<\/p>\n","protected":false},"author":2,"featured_media":8534,"comment_status":"open","ping_status":"open","sticky":false,"template":"","format":"standard","meta":[],"categories":[5],"tags":[],"_links":{"self":[{"href":"https:\/\/dgospel.com.br\/portal\/index.php\/wp-json\/wp\/v2\/posts\/8533"}],"collection":[{"href":"https:\/\/dgospel.com.br\/portal\/index.php\/wp-json\/wp\/v2\/posts"}],"about":[{"href":"https:\/\/dgospel.com.br\/portal\/index.php\/wp-json\/wp\/v2\/types\/post"}],"author":[{"embeddable":true,"href":"https:\/\/dgospel.com.br\/portal\/index.php\/wp-json\/wp\/v2\/users\/2"}],"replies":[{"embeddable":true,"href":"https:\/\/dgospel.com.br\/portal\/index.php\/wp-json\/wp\/v2\/comments?post=8533"}],"version-history":[{"count":1,"href":"https:\/\/dgospel.com.br\/portal\/index.php\/wp-json\/wp\/v2\/posts\/8533\/revisions"}],"predecessor-version":[{"id":8535,"href":"https:\/\/dgospel.com.br\/portal\/index.php\/wp-json\/wp\/v2\/posts\/8533\/revisions\/8535"}],"wp:featuredmedia":[{"embeddable":true,"href":"https:\/\/dgospel.com.br\/portal\/index.php\/wp-json\/wp\/v2\/media\/8534"}],"wp:attachment":[{"href":"https:\/\/dgospel.com.br\/portal\/index.php\/wp-json\/wp\/v2\/media?parent=8533"}],"wp:term":[{"taxonomy":"category","embeddable":true,"href":"https:\/\/dgospel.com.br\/portal\/index.php\/wp-json\/wp\/v2\/categories?post=8533"},{"taxonomy":"post_tag","embeddable":true,"href":"https:\/\/dgospel.com.br\/portal\/index.php\/wp-json\/wp\/v2\/tags?post=8533"}],"curies":[{"name":"wp","href":"https:\/\/api.w.org\/{rel}","templated":true}]}}