{"id":8539,"date":"2021-05-27T16:22:10","date_gmt":"2021-05-27T19:22:10","guid":{"rendered":"http:\/\/dgospel.com.br\/portal\/?p=8539"},"modified":"2021-05-27T16:22:12","modified_gmt":"2021-05-27T19:22:12","slug":"com-ajuda-dos-eua-policia-de-goias-evita-massacre-em-escola","status":"publish","type":"post","link":"https:\/\/dgospel.com.br\/portal\/index.php\/2021\/05\/27\/com-ajuda-dos-eua-policia-de-goias-evita-massacre-em-escola\/","title":{"rendered":"Com ajuda dos EUA, Pol\u00edcia de Goi\u00e1s evita massacre em escola"},"content":{"rendered":"\n<p>\n\nA Pol\u00edcia Civil de Goi\u00e1s apreendeu um adolescente, nesta quinta-feira (27), que estava planejando um massacre em uma escola de Goi\u00e2nia. O plano s\u00f3 foi descoberto porque os agentes, com a ajuda da Homeland Security Investigations, da Embaixada dos Estados Unidos no Brasil, tiveram acesso a mensagens do jovem, em que ele revelava a inten\u00e7\u00e3o de cometer o crime.\n\n<\/p>\n\n\n\n<figure class=\"wp-block-image\"><img src=\"https:\/\/static.cdn.pleno.news\/2021\/05\/whatsapp-image-2020-10-20-at-134050-e1622141719532-1024x570.jpeg\" alt=\"\" class=\"wp-image-730804\"\/><figcaption>Delegacia de Prote\u00e7\u00e3o \u00e0 Crian\u00e7a e ao Adolescente (DPCA) investiga o caso&nbsp;Foto: Reprodu\u00e7\u00e3o\/TV Globo<\/figcaption><\/figure>\n\n\n\n<p>De acordo com o portal Metr\u00f3poles, o adolescente \u00e9 filho de um militar do Ex\u00e9rcito, que \u00e9 lotado em Goi\u00e2nia. A opera\u00e7\u00e3o policial para apreens\u00e3o dele teria ocorrido na pr\u00f3pria Vila Militar.<\/p>\n\n\n\n<p>De acordo com informa\u00e7\u00f5es obtidas no telefone do jovem, ele participava de grupos e f\u00f3runs na internet onde s\u00e3o planejados massacres a escolas, al\u00e9m de reunir admiradores do regime nazista. Na casa dele, a pol\u00edcia encontrou anota\u00e7\u00f5es e desenhos com tem\u00e1tica violenta e que exaltam o nazismo.<\/p>\n\n\n\n<p>O caso foi registrado na Delegacia de Pol\u00edcia de Apura\u00e7\u00e3o de Atos Infracionais (Depai).<\/p>\n\n\n\n<p><strong>MASSACRE EVITADO NO DF<br><\/strong>O caso apurado nesta ter\u00e7a \u00e9 semelhante ao que foi descoberto recentemente no Distrito Federal. Na ocasi\u00e3o, a Pol\u00edcia Civil apreendeu uma adolescente que planejava um ataque a uma escola do Recanto das Emas, na capital federal. A a\u00e7\u00e3o tamb\u00e9m s\u00f3 foi poss\u00edvel gra\u00e7as \u00e0 colabora\u00e7\u00e3o de representantes da pol\u00edcia dos Estados Unidos.<\/p>\n","protected":false},"excerpt":{"rendered":"<p>A Pol\u00edcia Civil de Goi\u00e1s apreendeu um adolescente, nesta quinta-feira (27), que estava planejando um massacre em uma escola de Goi\u00e2nia. O plano s\u00f3 foi descoberto porque os agentes, com a ajuda da Homeland Security Investigations, da Embaixada dos Estados Unidos no Brasil, tiveram acesso a mensagens do jovem, em que ele revelava a inten\u00e7\u00e3o [&hellip;]<\/p>\n","protected":false},"author":2,"featured_media":8540,"comment_status":"open","ping_status":"open","sticky":false,"template":"","format":"standard","meta":[],"categories":[4],"tags":[],"_links":{"self":[{"href":"https:\/\/dgospel.com.br\/portal\/index.php\/wp-json\/wp\/v2\/posts\/8539"}],"collection":[{"href":"https:\/\/dgospel.com.br\/portal\/index.php\/wp-json\/wp\/v2\/posts"}],"about":[{"href":"https:\/\/dgospel.com.br\/portal\/index.php\/wp-json\/wp\/v2\/types\/post"}],"author":[{"embeddable":true,"href":"https:\/\/dgospel.com.br\/portal\/index.php\/wp-json\/wp\/v2\/users\/2"}],"replies":[{"embeddable":true,"href":"https:\/\/dgospel.com.br\/portal\/index.php\/wp-json\/wp\/v2\/comments?post=8539"}],"version-history":[{"count":1,"href":"https:\/\/dgospel.com.br\/portal\/index.php\/wp-json\/wp\/v2\/posts\/8539\/revisions"}],"predecessor-version":[{"id":8541,"href":"https:\/\/dgospel.com.br\/portal\/index.php\/wp-json\/wp\/v2\/posts\/8539\/revisions\/8541"}],"wp:featuredmedia":[{"embeddable":true,"href":"https:\/\/dgospel.com.br\/portal\/index.php\/wp-json\/wp\/v2\/media\/8540"}],"wp:attachment":[{"href":"https:\/\/dgospel.com.br\/portal\/index.php\/wp-json\/wp\/v2\/media?parent=8539"}],"wp:term":[{"taxonomy":"category","embeddable":true,"href":"https:\/\/dgospel.com.br\/portal\/index.php\/wp-json\/wp\/v2\/categories?post=8539"},{"taxonomy":"post_tag","embeddable":true,"href":"https:\/\/dgospel.com.br\/portal\/index.php\/wp-json\/wp\/v2\/tags?post=8539"}],"curies":[{"name":"wp","href":"https:\/\/api.w.org\/{rel}","templated":true}]}}