{"id":8542,"date":"2021-05-27T16:26:47","date_gmt":"2021-05-27T19:26:47","guid":{"rendered":"http:\/\/dgospel.com.br\/portal\/?p=8542"},"modified":"2021-05-27T16:26:48","modified_gmt":"2021-05-27T19:26:48","slug":"lula-ataca-fe-crista-de-bolsonaro-usa-o-nome-de-deus-em-vao","status":"publish","type":"post","link":"https:\/\/dgospel.com.br\/portal\/index.php\/2021\/05\/27\/lula-ataca-fe-crista-de-bolsonaro-usa-o-nome-de-deus-em-vao\/","title":{"rendered":"Lula ataca f\u00e9 crist\u00e3 de Bolsonaro: \u201cUsa o nome de Deus em v\u00e3o\u201d"},"content":{"rendered":"\n<p> Nesta quinta-feira (27), o ex-presidente Luiz In\u00e1cio Lula da Silva partiu para o ataque contra o presidente Jair Bolsonaro e o acusou de usar o nome de Deus em v\u00e3o. De acordo com o petista, as convic\u00e7\u00f5es religiosas de Bolsonaro n\u00e3o passam de \u201cmentira\u201d. <\/p>\n\n\n\n<h2><br>Pleno.News &#8211;&nbsp;27\/05\/2021&nbsp;15h02 | atualizado em 27\/05\/2021 15h08<\/h2>\n\n\n\n<figure class=\"wp-block-image\"><img src=\"https:\/\/static.cdn.pleno.news\/2021\/03\/lula-bolso-e1615416074563-1024x601.jpg\" alt=\"\" class=\"wp-image-672501\"\/><figcaption>Presidente Jair Bolsonaro e o ex-presidente Lula&nbsp;Foto: Reprodu\u00e7\u00e3o<\/figcaption><\/figure>\n\n\n\n<figure><iframe><\/iframe><\/figure>\n\n\n\n<p>Nesta quinta-feira (27), o ex-presidente Luiz In\u00e1cio Lula da Silva partiu para o ataque contra o presidente Jair Bolsonaro e o acusou de usar o nome de Deus em v\u00e3o. De acordo com o petista, as convic\u00e7\u00f5es religiosas de Bolsonaro n\u00e3o passam de \u201cmentira\u201d.  A declara\u00e7\u00e3o foi dada por Lula em suas redes sociais. <\/p>\n\n\n\n<p>\u2013 Se o Bolsonaro acreditasse em Deus, ele n\u00e3o usaria o nome de Deus em v\u00e3o como ele usa. O tempo todo. Olhe nos olhos dele quando ele fala de religi\u00e3o, voc\u00ea n\u00e3o v\u00ea verdade. \u00c9 tudo mentira \u2013 escreveu.<\/p>\n\n\n\n<figure class=\"wp-block-image\"><img src=\"https:\/\/static.cdn.pleno.news\/2021\/05\/Lula.png\" alt=\"\" class=\"wp-image-730731\"\/><\/figure>\n","protected":false},"excerpt":{"rendered":"<p>Nesta quinta-feira (27), o ex-presidente Luiz In\u00e1cio Lula da Silva partiu para o ataque contra o presidente Jair Bolsonaro e o acusou de usar o nome de Deus em v\u00e3o. De acordo com o petista, as convic\u00e7\u00f5es religiosas de Bolsonaro n\u00e3o passam de \u201cmentira\u201d. Pleno.News &#8211;&nbsp;27\/05\/2021&nbsp;15h02 | atualizado em 27\/05\/2021 15h08 Nesta quinta-feira (27), o [&hellip;]<\/p>\n","protected":false},"author":2,"featured_media":8543,"comment_status":"open","ping_status":"open","sticky":false,"template":"","format":"standard","meta":[],"categories":[4],"tags":[13,14],"_links":{"self":[{"href":"https:\/\/dgospel.com.br\/portal\/index.php\/wp-json\/wp\/v2\/posts\/8542"}],"collection":[{"href":"https:\/\/dgospel.com.br\/portal\/index.php\/wp-json\/wp\/v2\/posts"}],"about":[{"href":"https:\/\/dgospel.com.br\/portal\/index.php\/wp-json\/wp\/v2\/types\/post"}],"author":[{"embeddable":true,"href":"https:\/\/dgospel.com.br\/portal\/index.php\/wp-json\/wp\/v2\/users\/2"}],"replies":[{"embeddable":true,"href":"https:\/\/dgospel.com.br\/portal\/index.php\/wp-json\/wp\/v2\/comments?post=8542"}],"version-history":[{"count":1,"href":"https:\/\/dgospel.com.br\/portal\/index.php\/wp-json\/wp\/v2\/posts\/8542\/revisions"}],"predecessor-version":[{"id":8544,"href":"https:\/\/dgospel.com.br\/portal\/index.php\/wp-json\/wp\/v2\/posts\/8542\/revisions\/8544"}],"wp:featuredmedia":[{"embeddable":true,"href":"https:\/\/dgospel.com.br\/portal\/index.php\/wp-json\/wp\/v2\/media\/8543"}],"wp:attachment":[{"href":"https:\/\/dgospel.com.br\/portal\/index.php\/wp-json\/wp\/v2\/media?parent=8542"}],"wp:term":[{"taxonomy":"category","embeddable":true,"href":"https:\/\/dgospel.com.br\/portal\/index.php\/wp-json\/wp\/v2\/categories?post=8542"},{"taxonomy":"post_tag","embeddable":true,"href":"https:\/\/dgospel.com.br\/portal\/index.php\/wp-json\/wp\/v2\/tags?post=8542"}],"curies":[{"name":"wp","href":"https:\/\/api.w.org\/{rel}","templated":true}]}}