{"id":8545,"date":"2021-05-27T16:39:09","date_gmt":"2021-05-27T19:39:09","guid":{"rendered":"http:\/\/dgospel.com.br\/portal\/?p=8545"},"modified":"2021-05-27T16:39:11","modified_gmt":"2021-05-27T19:39:11","slug":"bolsonaro-se-necessario-for-militares-agirao-dentro-da-constituicao","status":"publish","type":"post","link":"https:\/\/dgospel.com.br\/portal\/index.php\/2021\/05\/27\/bolsonaro-se-necessario-for-militares-agirao-dentro-da-constituicao\/","title":{"rendered":"Bolsonaro: se necess\u00e1rio for, militares agir\u00e3o dentro da Constitui\u00e7\u00e3o"},"content":{"rendered":"\n<p> O presidente\u00a0<a rel=\"noreferrer noopener\" href=\"http:\/\/metropoles.com\/tag\/jair-bolsonaro\" target=\"_blank\">Jair Bolsonaro<\/a>\u00a0(sem partido) voltou a falar, nesta quinta-feira (27\/5), que \u201cse necess\u00e1rio for\u201d o Ex\u00e9rcito agir\u00e1 \u201cdentro das quatro linhas da Constitui\u00e7\u00e3o\u201d. <\/p>\n\n\n\n<p> A declara\u00e7\u00e3o foi feita durante almo\u00e7o com militares, em S\u00e3o Gabriel da Cachoeira (AM),\u00a0 Recentemente, o presidente da Rep\u00fablica tem repetido a fala em contrariedade \u00e0s medidas decretadas por governadores e prefeitos no enfrentamento da pandemia de\u00a0<a rel=\"noreferrer noopener\" href=\"http:\/\/metropoles.com\/tag\/coronavirus\" target=\"_blank\">coronav\u00edrus<\/a>. <\/p>\n\n\n\n<p> Em seu discurso, que durou pouco mais de cinco minutos, o mandat\u00e1rio do pa\u00eds afirmou esperar que o Brasil \u201cparta para a normalidade\u201d. <\/p>\n\n\n\n<p> \u201cMais do que obriga\u00e7\u00e3o e dever, tenho certeza de que voc\u00eas agir\u00e3o dentro das quatro linhas da Constitui\u00e7\u00e3o, se necess\u00e1rio for. Espero que n\u00e3o seja necess\u00e1rio \u2013 que a gente parta para a normalidade. N\u00e3o estamos nela ainda, estamos longe dela\u201d, disse Bolsonaro. <\/p>\n\n\n\n<h5>Elei\u00e7\u00f5es<\/h5>\n\n\n\n<p>O discurso tamb\u00e9m tomou tons eleitorais, quando Bolsonaro falou a respeito da expectativa de escolha em 2022. \u201cQuem fizer uma an\u00e1lise do que aconteceu no Brasil nos \u00faltimos 20 anos, eu duvido que essa pessoa erre no ano que vem\u201d, apontou.<\/p>\n\n\n\n<p>O presidente ainda afirmou que ningu\u00e9m pode acus\u00e1-lo de \u201cser uma pessoa que n\u00e3o seja democr\u00e1tica\u201d e saiu em defesa de seu governo.<\/p>\n\n\n\n<blockquote class=\"wp-block-quote\"><p>\u201cUm governo que tem dois anos e quatro meses sem nenhuma comprova\u00e7\u00e3o ou ato de corrup\u00e7\u00e3o. Isso n\u00e3o \u00e9 virtude, \u00e9 obriga\u00e7\u00e3o. Mas, para quem se recorda, h\u00e1 poucos anos n\u00e3o era isso que acontecia no Brasil\u201d, declarou.<\/p><\/blockquote>\n","protected":false},"excerpt":{"rendered":"<p>O presidente\u00a0Jair Bolsonaro\u00a0(sem partido) voltou a falar, nesta quinta-feira (27\/5), que \u201cse necess\u00e1rio for\u201d o Ex\u00e9rcito agir\u00e1 \u201cdentro das quatro linhas da Constitui\u00e7\u00e3o\u201d. A declara\u00e7\u00e3o foi feita durante almo\u00e7o com militares, em S\u00e3o Gabriel da Cachoeira (AM),\u00a0 Recentemente, o presidente da Rep\u00fablica tem repetido a fala em contrariedade \u00e0s medidas decretadas por governadores e prefeitos [&hellip;]<\/p>\n","protected":false},"author":2,"featured_media":8546,"comment_status":"open","ping_status":"open","sticky":false,"template":"","format":"standard","meta":[],"categories":[4],"tags":[13,14],"_links":{"self":[{"href":"https:\/\/dgospel.com.br\/portal\/index.php\/wp-json\/wp\/v2\/posts\/8545"}],"collection":[{"href":"https:\/\/dgospel.com.br\/portal\/index.php\/wp-json\/wp\/v2\/posts"}],"about":[{"href":"https:\/\/dgospel.com.br\/portal\/index.php\/wp-json\/wp\/v2\/types\/post"}],"author":[{"embeddable":true,"href":"https:\/\/dgospel.com.br\/portal\/index.php\/wp-json\/wp\/v2\/users\/2"}],"replies":[{"embeddable":true,"href":"https:\/\/dgospel.com.br\/portal\/index.php\/wp-json\/wp\/v2\/comments?post=8545"}],"version-history":[{"count":1,"href":"https:\/\/dgospel.com.br\/portal\/index.php\/wp-json\/wp\/v2\/posts\/8545\/revisions"}],"predecessor-version":[{"id":8547,"href":"https:\/\/dgospel.com.br\/portal\/index.php\/wp-json\/wp\/v2\/posts\/8545\/revisions\/8547"}],"wp:featuredmedia":[{"embeddable":true,"href":"https:\/\/dgospel.com.br\/portal\/index.php\/wp-json\/wp\/v2\/media\/8546"}],"wp:attachment":[{"href":"https:\/\/dgospel.com.br\/portal\/index.php\/wp-json\/wp\/v2\/media?parent=8545"}],"wp:term":[{"taxonomy":"category","embeddable":true,"href":"https:\/\/dgospel.com.br\/portal\/index.php\/wp-json\/wp\/v2\/categories?post=8545"},{"taxonomy":"post_tag","embeddable":true,"href":"https:\/\/dgospel.com.br\/portal\/index.php\/wp-json\/wp\/v2\/tags?post=8545"}],"curies":[{"name":"wp","href":"https:\/\/api.w.org\/{rel}","templated":true}]}}