{"id":8548,"date":"2021-05-27T16:42:07","date_gmt":"2021-05-27T19:42:07","guid":{"rendered":"http:\/\/dgospel.com.br\/portal\/?p=8548"},"modified":"2021-05-27T16:42:08","modified_gmt":"2021-05-27T19:42:08","slug":"carlesse-diz-que-atendera-convocacao-a-cpi-da-covid-e-determina-ampla-divulgacao-da-aplicacao-dos-recursos-recebidos-da-uniao","status":"publish","type":"post","link":"https:\/\/dgospel.com.br\/portal\/index.php\/2021\/05\/27\/carlesse-diz-que-atendera-convocacao-a-cpi-da-covid-e-determina-ampla-divulgacao-da-aplicacao-dos-recursos-recebidos-da-uniao\/","title":{"rendered":"Carlesse diz que atender\u00e1 convoca\u00e7\u00e3o \u00e0 CPI da Covid e determina ampla divulga\u00e7\u00e3o da aplica\u00e7\u00e3o dos recursos recebidos da Uni\u00e3o"},"content":{"rendered":"\n<p>As a\u00e7\u00f5es pontuais da Gest\u00e3o Estadual em busca de atender as demandas dos profissionais de sa\u00fade, na batalha contra o novo Coronav\u00edrus, e evitar preju\u00edzos ao er\u00e1rio p\u00fablico ser\u00e3o apresentadas pelo governador Mauro Carlesse, na Comiss\u00e3o Parlamentar de Inqu\u00e9rito (CPI) da Covid-19, no Senado Federal.<\/p>\n\n\n\n<p>No depoimento, que ainda n\u00e3o tem data marcada, o Governador ir\u00e1 apresentar relat\u00f3rio da Secretaria de Estado da Sa\u00fade (SES) sobre o processo de compras de Equipamentos de Prote\u00e7\u00e3o Individuais (EPIs), em 2020.&nbsp;Na ocasi\u00e3o, o pr\u00f3prio Governo do Tocantins&nbsp;realizou den\u00fancia aos \u00f3rg\u00e3os de controle que passaram a investigar poss\u00edvel crime contra a economia popular em fun\u00e7\u00e3o do alto pre\u00e7o das m\u00e1scaras cobrado pelas empresas. Uma medida de transpar\u00eancia com os gastos p\u00fablicos para n\u00e3o haver danos ao er\u00e1rio p\u00fablico, al\u00e9m de garantir os insumos necess\u00e1rios ao atendimento da popula\u00e7\u00e3o usu\u00e1ria do Sistema \u00danico de Sa\u00fade (SUS).<\/p>\n\n\n\n<p>Em mar\u00e7o de 2020, a SES tentou realizar compra emergencial da m\u00e1scara N95 PFF2, contudo a empresa Cient\u00edfica M\u00e9dica Hospitalar LTDA, vencedora do preg\u00e3o eletr\u00f4nico, solicitou um pedido de cancelamento da compra com pre\u00e7os antes praticados e reajuste de valores, justificando que o cen\u00e1rio pand\u00eamico causou alto consumo de materiais m\u00e9dicos hospitalares no mercado, o que ocasionou a imprevis\u00e3o de novas produ\u00e7\u00f5es.<\/p>\n\n\n\n<p>&nbsp;\u201cA Secretaria de Estado da Sa\u00fade e toda a Gest\u00e3o Estadual sempre estiveram&nbsp;\u00e0 disposi\u00e7\u00e3o das autoridades. Na \u00e9poca da referida compra, t\u00ednhamos mais de 40 empresas que comercializavam equipamentos de prote\u00e7\u00e3o individual, mas estavam sem o produto em estoque, em raz\u00e3o do pico da pandemia.&nbsp; Por isso, foi feita aquisi\u00e7\u00e3o, por dispensa de licita\u00e7\u00e3o, e em raz\u00e3o do sobrepre\u00e7o, a pr\u00f3pria Gest\u00e3o realizou a den\u00fancia aos \u00f3rg\u00e3os competentes, que embasaram as investiga\u00e7\u00f5es da Pol\u00edcia Federal\u201d, afirma&nbsp;o titular da SES, Edgar Tollini.<\/p>\n\n\n\n<p>J\u00e1 o governador Mauro Carlesse ressalta que fica tranquilo em rela\u00e7\u00e3o \u00e0 convoca\u00e7\u00e3o para a CPI, visto que \u201ctodo o processo de compra foi realizado de forma transparente, com acompanhamento e orienta\u00e7\u00e3o direta dos \u00f3rg\u00e3os de controle, para que n\u00e3o restassem d\u00favidas sobre as a\u00e7\u00f5es da gest\u00e3o no sentido de manter os profissionais com sa\u00fade e a popula\u00e7\u00e3o bem atendida. Todos os recursos recebidos pelo Governo para combate \u00e0&nbsp;pandemia est\u00e3o no Portal da Transpar\u00eancia e divulgados nas redes e nos canais oficiais do Estado para que todos saibam como foram investidos\u201d, destaca.<\/p>\n\n\n\n<p><strong>&nbsp;Opera\u00e7\u00e3o<\/strong><\/p>\n\n\n\n<p>A opera\u00e7\u00e3o&nbsp;<em>Personale<\/em>&nbsp;da Pol\u00edcia Federal (PF) foi deflagrada em junho de 2020, motivada pela den\u00fancia da SES, para apurar suposto superfaturamento na compra, de 12 mil m\u00e1scaras de prote\u00e7\u00e3o facial, no valor de R$ 35 cada, totalizando R$ 420 mil. Os pre\u00e7os antes praticados em processo licitat\u00f3rio para o fornecimento de equipamentos id\u00eanticos variavam de R$ 1,93 e R$ 3,64.<\/p>\n\n\n\n<p><strong>&nbsp;Aplica\u00e7\u00e3o dos recursos recebidos<\/strong><\/p>\n\n\n\n<p>O Governo do Tocantins recebeu da Uni\u00e3o, do in\u00edcio da pandemia at\u00e9 a primeira quinzena de abril, um total de R$ 142 milh\u00f5es para o combate \u00e0 Covid-19, inclu\u00eddos neste valor doa\u00e7\u00f5es de equipamentos de prote\u00e7\u00e3o e respiradores.<\/p>\n\n\n\n<p>Ao longo desse per\u00edodo, o Tocantins criou 481 leitos exclusivos para pacientes com a Covid-19, sendo 266 cl\u00ednicos e 181 UTIs.<\/p>\n","protected":false},"excerpt":{"rendered":"<p>As a\u00e7\u00f5es pontuais da Gest\u00e3o Estadual em busca de atender as demandas dos profissionais de sa\u00fade, na batalha contra o novo Coronav\u00edrus, e evitar preju\u00edzos ao er\u00e1rio p\u00fablico ser\u00e3o apresentadas pelo governador Mauro Carlesse, na Comiss\u00e3o Parlamentar de Inqu\u00e9rito (CPI) da Covid-19, no Senado Federal. No depoimento, que ainda n\u00e3o tem data marcada, o Governador [&hellip;]<\/p>\n","protected":false},"author":2,"featured_media":8549,"comment_status":"open","ping_status":"open","sticky":false,"template":"","format":"standard","meta":[],"categories":[3],"tags":[13],"_links":{"self":[{"href":"https:\/\/dgospel.com.br\/portal\/index.php\/wp-json\/wp\/v2\/posts\/8548"}],"collection":[{"href":"https:\/\/dgospel.com.br\/portal\/index.php\/wp-json\/wp\/v2\/posts"}],"about":[{"href":"https:\/\/dgospel.com.br\/portal\/index.php\/wp-json\/wp\/v2\/types\/post"}],"author":[{"embeddable":true,"href":"https:\/\/dgospel.com.br\/portal\/index.php\/wp-json\/wp\/v2\/users\/2"}],"replies":[{"embeddable":true,"href":"https:\/\/dgospel.com.br\/portal\/index.php\/wp-json\/wp\/v2\/comments?post=8548"}],"version-history":[{"count":1,"href":"https:\/\/dgospel.com.br\/portal\/index.php\/wp-json\/wp\/v2\/posts\/8548\/revisions"}],"predecessor-version":[{"id":8550,"href":"https:\/\/dgospel.com.br\/portal\/index.php\/wp-json\/wp\/v2\/posts\/8548\/revisions\/8550"}],"wp:featuredmedia":[{"embeddable":true,"href":"https:\/\/dgospel.com.br\/portal\/index.php\/wp-json\/wp\/v2\/media\/8549"}],"wp:attachment":[{"href":"https:\/\/dgospel.com.br\/portal\/index.php\/wp-json\/wp\/v2\/media?parent=8548"}],"wp:term":[{"taxonomy":"category","embeddable":true,"href":"https:\/\/dgospel.com.br\/portal\/index.php\/wp-json\/wp\/v2\/categories?post=8548"},{"taxonomy":"post_tag","embeddable":true,"href":"https:\/\/dgospel.com.br\/portal\/index.php\/wp-json\/wp\/v2\/tags?post=8548"}],"curies":[{"name":"wp","href":"https:\/\/api.w.org\/{rel}","templated":true}]}}