{"id":8552,"date":"2021-05-31T12:53:46","date_gmt":"2021-05-31T15:53:46","guid":{"rendered":"http:\/\/dgospel.com.br\/portal\/?p=8552"},"modified":"2021-05-31T12:53:47","modified_gmt":"2021-05-31T15:53:47","slug":"kemilly-santos-lanca-single-com-cesar-menotti-fabiano","status":"publish","type":"post","link":"https:\/\/dgospel.com.br\/portal\/index.php\/2021\/05\/31\/kemilly-santos-lanca-single-com-cesar-menotti-fabiano\/","title":{"rendered":"Kemilly Santos lan\u00e7a single com C\u00e9sar Menotti &#038; Fabiano"},"content":{"rendered":"\n<p>A cantora gospel&nbsp;<a href=\"https:\/\/guiame.com.br\/musica\/nacional\/kemilly-santos-fala-como-buscar-maturidade-espiritual-devemos-enfrentar-guerras.html\"><strong>Kemilly Santos<\/strong><\/a>&nbsp;lan\u00e7ou na \u00faltima sexta (14) o single \u201cQuem \u00c9 Voc\u00ea\u201d, em parceria com a dupla sertaneja C\u00e9sar Menotti &amp; Fabiano. A composi\u00e7\u00e3o autoral de Kemilly vem alcan\u00e7ando n\u00fameros expressivos nas plataformas de streaming.&nbsp;<\/p>\n\n\n\n<p>Com melodia e arranjo surpreendentes, as tr\u00eas vozes se juntam para falar sobre n\u00e3o se deixar perder em meio \u00e0s dificuldades e saber que Deus nunca esquece de seus filhos.\u00a0<\/p>\n\n\n\n<p>\u201cN\u00f3s estamos muito felizes de gravar com a Kemilly, principalmente por conta da mensagem que a m\u00fasica carrega\u201d, diz C\u00e9sar Menotti. \u201cFabiano acabou de sair do hospital recuperado da Covid-19 e esta \u00e9 a primeira m\u00fasica gravada ap\u00f3s a doen\u00e7a e diz que a can\u00e7\u00e3o tem uma import\u00e2ncia enorme para ele e que ficar\u00e1 para sempre marcada em seu cora\u00e7\u00e3o\u201d.<\/p>\n\n\n\n<p>Ap\u00f3s ouvir a m\u00fasica \u201cT\u00e1 Chorando Por qu\u00ea?\u201d sendo interpretada pela dupla, Kemilly se emocionou e sentiu que precisava ter uma m\u00fasica gravada com os irm\u00e3os.&nbsp;<\/p>\n\n\n\n<p>\u201cProcurei o Maur\u00edcio (diretor A&amp;R da Sony Music) e contei que tinha o sonho de conhecer a dupla e gravar uma can\u00e7\u00e3o com eles, mas que achava quase imposs\u00edvel de acontecer. Nesse momento ele me disse: \u2018quem sabe Deus d\u00e1 um jeito de fazer acontecer\u2019. E aconteceu\u201d, comenta Kemilly.<\/p>\n\n\n\n<p>\u201cQuem \u00e9 Voc\u00ea\u201d j\u00e1 est\u00e1 dispon\u00edvel em todas as plataformas digitais e conta com um videoclipe, dispon\u00edvel no canal da cantora no YouTube.&nbsp;<\/p>\n\n\n\n<p>Assista:<\/p>\n\n\n\n<figure class=\"wp-block-embed-youtube wp-block-embed is-type-video is-provider-youtube wp-embed-aspect-16-9 wp-has-aspect-ratio\"><div class=\"wp-block-embed__wrapper\">\n<iframe loading=\"lazy\" title=\"Kemilly Santos, C\u00e9sar Menotti &amp; Fabiano - Quem \u00e9 Voc\u00ea\" width=\"630\" height=\"354\" src=\"https:\/\/www.youtube.com\/embed\/zV95sQxHd9c?start=2&#038;feature=oembed\" frameborder=\"0\" allow=\"accelerometer; autoplay; clipboard-write; encrypted-media; gyroscope; picture-in-picture\" allowfullscreen><\/iframe>\n<\/div><\/figure>\n","protected":false},"excerpt":{"rendered":"<p>A cantora gospel&nbsp;Kemilly Santos&nbsp;lan\u00e7ou na \u00faltima sexta (14) o single \u201cQuem \u00c9 Voc\u00ea\u201d, em parceria com a dupla sertaneja C\u00e9sar Menotti &amp; Fabiano. A composi\u00e7\u00e3o autoral de Kemilly vem alcan\u00e7ando n\u00fameros expressivos nas plataformas de streaming.&nbsp; Com melodia e arranjo surpreendentes, as tr\u00eas vozes se juntam para falar sobre n\u00e3o se deixar perder em meio [&hellip;]<\/p>\n","protected":false},"author":2,"featured_media":8553,"comment_status":"open","ping_status":"open","sticky":false,"template":"","format":"standard","meta":[],"categories":[17,5],"tags":[],"_links":{"self":[{"href":"https:\/\/dgospel.com.br\/portal\/index.php\/wp-json\/wp\/v2\/posts\/8552"}],"collection":[{"href":"https:\/\/dgospel.com.br\/portal\/index.php\/wp-json\/wp\/v2\/posts"}],"about":[{"href":"https:\/\/dgospel.com.br\/portal\/index.php\/wp-json\/wp\/v2\/types\/post"}],"author":[{"embeddable":true,"href":"https:\/\/dgospel.com.br\/portal\/index.php\/wp-json\/wp\/v2\/users\/2"}],"replies":[{"embeddable":true,"href":"https:\/\/dgospel.com.br\/portal\/index.php\/wp-json\/wp\/v2\/comments?post=8552"}],"version-history":[{"count":1,"href":"https:\/\/dgospel.com.br\/portal\/index.php\/wp-json\/wp\/v2\/posts\/8552\/revisions"}],"predecessor-version":[{"id":8554,"href":"https:\/\/dgospel.com.br\/portal\/index.php\/wp-json\/wp\/v2\/posts\/8552\/revisions\/8554"}],"wp:featuredmedia":[{"embeddable":true,"href":"https:\/\/dgospel.com.br\/portal\/index.php\/wp-json\/wp\/v2\/media\/8553"}],"wp:attachment":[{"href":"https:\/\/dgospel.com.br\/portal\/index.php\/wp-json\/wp\/v2\/media?parent=8552"}],"wp:term":[{"taxonomy":"category","embeddable":true,"href":"https:\/\/dgospel.com.br\/portal\/index.php\/wp-json\/wp\/v2\/categories?post=8552"},{"taxonomy":"post_tag","embeddable":true,"href":"https:\/\/dgospel.com.br\/portal\/index.php\/wp-json\/wp\/v2\/tags?post=8552"}],"curies":[{"name":"wp","href":"https:\/\/api.w.org\/{rel}","templated":true}]}}