{"id":8555,"date":"2021-05-31T12:56:42","date_gmt":"2021-05-31T15:56:42","guid":{"rendered":"http:\/\/dgospel.com.br\/portal\/?p=8555"},"modified":"2021-05-31T12:56:43","modified_gmt":"2021-05-31T15:56:43","slug":"andre-e-felipe-lancam-prossiga-com-participacao-de-midian-lima","status":"publish","type":"post","link":"https:\/\/dgospel.com.br\/portal\/index.php\/2021\/05\/31\/andre-e-felipe-lancam-prossiga-com-participacao-de-midian-lima\/","title":{"rendered":"Andr\u00e9 e Felipe lan\u00e7am \u201cProssiga\u201d, com participa\u00e7\u00e3o de Midian Lima"},"content":{"rendered":"\n<p>Andr\u00e9 e Felipe, uma das maiores duplas do segmento crist\u00e3o, apresenta ao p\u00fablico a bela e forte can\u00e7\u00e3o \u201cProssiga\u201d com a participa\u00e7\u00e3o da cantora Midian Lima. O selo \u00e9 da gravadora Uni Records. Composi\u00e7\u00e3o de Andr\u00e9, Felipe e Matheus Pereira, a m\u00fasica traz uma mensagem de f\u00e9, coragem e perseveran\u00e7a sob a certeza do cuidado e do agir de Deus.&nbsp;<\/p>\n\n\n\n<p>Midian Lima \u00e9 uma cantora cujo trabalho h\u00e1 muito \u00e9 apreciado pela dupla. Andr\u00e9 e Felipe lhe mostraram duas m\u00fasicas, mas foi com \u201cProssiga\u201d que ela se identificou mais e quis fazer o feat.&nbsp;<\/p>\n\n\n\n<p>Felipe conta que \u201cProssiga\u201d os tocou muito porque \u00e9 um retrato, um relato da pr\u00f3pria hist\u00f3ria deles.&nbsp;<\/p>\n\n\n\n<p>\u201cO processo de produ\u00e7\u00e3o desse single foi muito especial, pois tivemos participa\u00e7\u00e3o muito ativa na cria\u00e7\u00e3o, desde a guia para deixar no est\u00fadio at\u00e9 um palpite de uma guitarra, de um viol\u00e3o, a execu\u00e7\u00e3o da bateria. O fato de o est\u00fadio ser do Ed Oliver, respons\u00e1vel pelos arranjos, quem assinou o projeto e toda a parte musical do projeto, deixou-nos muito \u00e0 vontade\u201d, relata o cantor.&nbsp;<\/p>\n\n\n\n<p>O videoclipe de \u201cProssiga\u201d foi gravado no Bourbon Atibaia Resort, em S\u00e3o Paulo. E quem assina a produ\u00e7\u00e3o \u00e9 a renomada produtora Porqueeu Filmes, de Gabriel Braga, que grava para grandes artistas, como Jorge &amp; Mateus, Luan Santana, Mar\u00edlia Mendon\u00e7a entre outros.&nbsp;<\/p>\n\n\n\n<p>Sobre \u201cprosseguir\u201d, os irm\u00e3os paranaenses relembram uma experi\u00eancia que tiveram no in\u00edcio da carreira. Na \u00e9poca, foi preciso muita f\u00e9 e persist\u00eancia para vencerem a barreira do \u201cn\u00e3o tem jeito\u201d. De fam\u00edlia simples, muito jovens ainda, eles n\u00e3o tinham condi\u00e7\u00f5es financeiras para gravar o primeiro CD.&nbsp;<\/p>\n\n\n\n<p>\u201cN\u00e3o t\u00ednhamos como realizar nosso sonho. Mas, com a certeza de uma f\u00e9 consciente, nosso pai nos disse: \u2018N\u00f3s servimos ao Deus que \u00e9 o dono do ouro e da prata, Ele pode realizar o desejo do cora\u00e7\u00e3o de voc\u00eas\u2019. Ent\u00e3o, ele nos prop\u00f4s uma campanha de 21 s\u00e1bados de ora\u00e7\u00e3o no monte. Depois desses 21 s\u00e1bados, Deus nos respondeu por meio de um casal de empres\u00e1rios que bancou toda a grava\u00e7\u00e3o do nosso CD\u201d, relembram com alegria.<\/p>\n\n\n\n<p><em>Assista:<\/em><\/p>\n\n\n\n<figure class=\"wp-block-embed-youtube wp-block-embed is-type-video is-provider-youtube wp-embed-aspect-16-9 wp-has-aspect-ratio\"><div class=\"wp-block-embed__wrapper\">\n<iframe loading=\"lazy\" title=\"Andr\u00e9 e Felipe feat. Midian Lima - Prossiga\" width=\"630\" height=\"354\" src=\"https:\/\/www.youtube.com\/embed\/mEgWttnNSuA?start=1&#038;feature=oembed\" frameborder=\"0\" allow=\"accelerometer; autoplay; clipboard-write; encrypted-media; gyroscope; picture-in-picture\" allowfullscreen><\/iframe>\n<\/div><\/figure>\n","protected":false},"excerpt":{"rendered":"<p>Andr\u00e9 e Felipe, uma das maiores duplas do segmento crist\u00e3o, apresenta ao p\u00fablico a bela e forte can\u00e7\u00e3o \u201cProssiga\u201d com a participa\u00e7\u00e3o da cantora Midian Lima. O selo \u00e9 da gravadora Uni Records. Composi\u00e7\u00e3o de Andr\u00e9, Felipe e Matheus Pereira, a m\u00fasica traz uma mensagem de f\u00e9, coragem e perseveran\u00e7a sob a certeza do cuidado [&hellip;]<\/p>\n","protected":false},"author":2,"featured_media":8556,"comment_status":"open","ping_status":"open","sticky":false,"template":"","format":"standard","meta":[],"categories":[17,5],"tags":[],"_links":{"self":[{"href":"https:\/\/dgospel.com.br\/portal\/index.php\/wp-json\/wp\/v2\/posts\/8555"}],"collection":[{"href":"https:\/\/dgospel.com.br\/portal\/index.php\/wp-json\/wp\/v2\/posts"}],"about":[{"href":"https:\/\/dgospel.com.br\/portal\/index.php\/wp-json\/wp\/v2\/types\/post"}],"author":[{"embeddable":true,"href":"https:\/\/dgospel.com.br\/portal\/index.php\/wp-json\/wp\/v2\/users\/2"}],"replies":[{"embeddable":true,"href":"https:\/\/dgospel.com.br\/portal\/index.php\/wp-json\/wp\/v2\/comments?post=8555"}],"version-history":[{"count":1,"href":"https:\/\/dgospel.com.br\/portal\/index.php\/wp-json\/wp\/v2\/posts\/8555\/revisions"}],"predecessor-version":[{"id":8557,"href":"https:\/\/dgospel.com.br\/portal\/index.php\/wp-json\/wp\/v2\/posts\/8555\/revisions\/8557"}],"wp:featuredmedia":[{"embeddable":true,"href":"https:\/\/dgospel.com.br\/portal\/index.php\/wp-json\/wp\/v2\/media\/8556"}],"wp:attachment":[{"href":"https:\/\/dgospel.com.br\/portal\/index.php\/wp-json\/wp\/v2\/media?parent=8555"}],"wp:term":[{"taxonomy":"category","embeddable":true,"href":"https:\/\/dgospel.com.br\/portal\/index.php\/wp-json\/wp\/v2\/categories?post=8555"},{"taxonomy":"post_tag","embeddable":true,"href":"https:\/\/dgospel.com.br\/portal\/index.php\/wp-json\/wp\/v2\/tags?post=8555"}],"curies":[{"name":"wp","href":"https:\/\/api.w.org\/{rel}","templated":true}]}}