{"id":8561,"date":"2021-05-31T13:14:55","date_gmt":"2021-05-31T16:14:55","guid":{"rendered":"http:\/\/dgospel.com.br\/portal\/?p=8561"},"modified":"2021-05-31T13:14:57","modified_gmt":"2021-05-31T16:14:57","slug":"queiroga-diz-que-ate-fim-do-ano-toda-a-populacao-sera-vacinada","status":"publish","type":"post","link":"https:\/\/dgospel.com.br\/portal\/index.php\/2021\/05\/31\/queiroga-diz-que-ate-fim-do-ano-toda-a-populacao-sera-vacinada\/","title":{"rendered":"Queiroga diz que at\u00e9 fim do ano, toda a popula\u00e7\u00e3o ser\u00e1 vacinada"},"content":{"rendered":"\n<p>\n\nO ministro da Sa\u00fade, Marcelo Queiroga, previu nesta segunda-feira (31) que at\u00e9 o fim do ano a totalidade da popula\u00e7\u00e3o brasileira estar\u00e1 imunizada contra a Covid-19. Ele fez a estimativa durante o F\u00f3rum de Investimentos Brasil 2021 (BIF), um evento internacional sobre atra\u00e7\u00e3o de investimentos estrangeiros para o Brasil, organizado por Apex-Brasil, Banco Interamericano de Desenvolvimento (BID) e Governo Federal. Esta \u00e9 a primeira vez que o evento \u00e9 realizado de forma virtual por causa da pandemia de coronav\u00edrus.\n\n<\/p>\n\n\n\n<figure class=\"wp-block-image\"><img src=\"https:\/\/static.cdn.pleno.news\/2021\/03\/Ministro-Marcelo-Queiroga-e1616954462746-1024x744.jpg\" alt=\"\" class=\"wp-image-685997\"\/><figcaption>Ministro da Sa\u00fade, Marcelo Queiroga&nbsp;Foto: MS\/Tony Winston<\/figcaption><\/figure>\n\n\n\n<p>\u2013 Tenho certeza de que at\u00e9 fim do ano conseguiremos imunizar popula\u00e7\u00e3o. (\u2026) Teremos todos os cidad\u00e3os imunizados em nosso pa\u00eds at\u00e9 o fim do ano \u2013 refor\u00e7ou em outro trecho de sua fala.<\/p>\n\n\n\n<p>No in\u00edcio de sua apresenta\u00e7\u00e3o, Queiroga enfatizou que o presidente Jair Bolsonaro tem indicado desde que assumiu a pasta que seu governo tenha a\u00e7\u00f5es simult\u00e2neas nas \u00e1reas da Sa\u00fade e da Economia. Ele est\u00e1 no mesmo painel que o ministro da Economia, Paulo Guedes. Queiroga aproveitou o momento para passar uma mensagem de solidariedade \u00e0s v\u00edtimas da Covid-19 e ressaltar o \u201cempenho e dedica\u00e7\u00e3o dos profissionais de sa\u00fade\u201d.<\/p>\n\n\n\n<p>O ministro afirmou que tem buscado expandir a\u00e7\u00f5es de enfrentamento da Covid-19 no Minist\u00e9rio da Sa\u00fade com tr\u00eas focos: Acelerar campanha de vacina\u00e7\u00e3o, garantir a assist\u00eancia \u00e0 sa\u00fade aos que foram afetados pela doen\u00e7a e refor\u00e7ar medidas sanit\u00e1rias. Ele apresentou ainda dados sobre n\u00famero de vacinados e entrega de imunizantes e disse que, apenas este ano, j\u00e1 foram investidos R$ 3,4 bilh\u00f5es na \u00e1rea em novos leitos, inclusive com e sem suporte ventilat\u00f3rio invasivo.<\/p>\n\n\n\n<p><strong>CRESCIMENTO DA ECONOMIA<\/strong><br>Marcelo Queiroga tamb\u00e9m disse que a expans\u00e3o cont\u00ednua da vacina\u00e7\u00e3o contribui para melhora da previs\u00e3o de crescimento da economia.<\/p>\n\n\n\n<p>\u2013 Cada 10% da popula\u00e7\u00e3o vacinada aumenta em 0,13 ponto porcentual as proje\u00e7\u00f5es de crescimento da economia \u2013 afirmou, durante o f\u00f3rum.<\/p>\n\n\n\n<p>Queiroga disse ainda que o governo est\u00e1 lan\u00e7ando um programa de testagem para ampliar sistematicamente os exames de Covid no Pa\u00eds, principalmente em \u00e1reas chave como escolas.<\/p>\n\n\n\n<p>\u2013 As medidas de controle de circula\u00e7\u00e3o do v\u00edrus visam garantir sociedade e economia funcionando de forma segura. Teremos todos os cidad\u00e3os imunizados em nosso pa\u00eds at\u00e9 o fim do ano \u2013 completou.<\/p>\n\n\n\n<p>No evento com investidores, o ministro procurou \u201cvender\u201d o setor de sa\u00fade brasileiro como uma \u201c\u00f3tima oportunidade de neg\u00f3cios\u201d.<\/p>\n\n\n\n<p>\u2013 Nesse momento de crise, a soma de recursos p\u00fablicos e privados \u00e9 fundamental. Propomos uma pol\u00edtica transversal entre setor p\u00fablico e privado de sa\u00fade \u2013 afirmou.<\/p>\n\n\n\n<p>De acordo com Queiroga, a inten\u00e7\u00e3o \u00e9 ampliar, com a parceria do setor privado, o acesso da popula\u00e7\u00e3o brasileira a produtos e tecnologias de sa\u00fade e diminuir vulnerabilidade do Sistema \u00danico de Sa\u00fade (SUS).<\/p>\n\n\n\n<p>*Estad\u00e3o<\/p>\n","protected":false},"excerpt":{"rendered":"<p>O ministro da Sa\u00fade, Marcelo Queiroga, previu nesta segunda-feira (31) que at\u00e9 o fim do ano a totalidade da popula\u00e7\u00e3o brasileira estar\u00e1 imunizada contra a Covid-19. Ele fez a estimativa durante o F\u00f3rum de Investimentos Brasil 2021 (BIF), um evento internacional sobre atra\u00e7\u00e3o de investimentos estrangeiros para o Brasil, organizado por Apex-Brasil, Banco Interamericano de [&hellip;]<\/p>\n","protected":false},"author":2,"featured_media":8562,"comment_status":"open","ping_status":"open","sticky":false,"template":"","format":"standard","meta":[],"categories":[4],"tags":[13,14],"_links":{"self":[{"href":"https:\/\/dgospel.com.br\/portal\/index.php\/wp-json\/wp\/v2\/posts\/8561"}],"collection":[{"href":"https:\/\/dgospel.com.br\/portal\/index.php\/wp-json\/wp\/v2\/posts"}],"about":[{"href":"https:\/\/dgospel.com.br\/portal\/index.php\/wp-json\/wp\/v2\/types\/post"}],"author":[{"embeddable":true,"href":"https:\/\/dgospel.com.br\/portal\/index.php\/wp-json\/wp\/v2\/users\/2"}],"replies":[{"embeddable":true,"href":"https:\/\/dgospel.com.br\/portal\/index.php\/wp-json\/wp\/v2\/comments?post=8561"}],"version-history":[{"count":1,"href":"https:\/\/dgospel.com.br\/portal\/index.php\/wp-json\/wp\/v2\/posts\/8561\/revisions"}],"predecessor-version":[{"id":8563,"href":"https:\/\/dgospel.com.br\/portal\/index.php\/wp-json\/wp\/v2\/posts\/8561\/revisions\/8563"}],"wp:featuredmedia":[{"embeddable":true,"href":"https:\/\/dgospel.com.br\/portal\/index.php\/wp-json\/wp\/v2\/media\/8562"}],"wp:attachment":[{"href":"https:\/\/dgospel.com.br\/portal\/index.php\/wp-json\/wp\/v2\/media?parent=8561"}],"wp:term":[{"taxonomy":"category","embeddable":true,"href":"https:\/\/dgospel.com.br\/portal\/index.php\/wp-json\/wp\/v2\/categories?post=8561"},{"taxonomy":"post_tag","embeddable":true,"href":"https:\/\/dgospel.com.br\/portal\/index.php\/wp-json\/wp\/v2\/tags?post=8561"}],"curies":[{"name":"wp","href":"https:\/\/api.w.org\/{rel}","templated":true}]}}