{"id":8570,"date":"2021-06-03T09:01:49","date_gmt":"2021-06-03T12:01:49","guid":{"rendered":"http:\/\/dgospel.com.br\/portal\/?p=8570"},"modified":"2021-06-03T09:01:51","modified_gmt":"2021-06-03T12:01:51","slug":"leo-barbosa-solicita-ampliacao-da-frota-de-ambulancias-para-a-rede-estadual-de-saude","status":"publish","type":"post","link":"https:\/\/dgospel.com.br\/portal\/index.php\/2021\/06\/03\/leo-barbosa-solicita-ampliacao-da-frota-de-ambulancias-para-a-rede-estadual-de-saude\/","title":{"rendered":"L\u00e9o Barbosa solicita amplia\u00e7\u00e3o da frota de ambul\u00e2ncias para a rede estadual de sa\u00fade"},"content":{"rendered":"\n<p>\n\nO deputado estadual L\u00e9o Barbosa (Solidariedade) solicitou nesta quarta-feira (02), em regime de urg\u00eancia,&nbsp; que o Governo do Tocantins e a Secretaria Estadual da Sa\u00fade (SES) ampliem a frota de ambul\u00e2ncias que fazem o transporte inter-hospitalar da Rede Estadual de Sa\u00fade.<br>De acordo com o parlamentar, a necessidade \u00e9 de unidades m\u00f3veis do \u201ctipo D\u201d, que s\u00e3o ve\u00edculos adaptados para atendimento das demandas ordin\u00e1rias e de demandas de pacientes acometidos pela Covid-19, assim como a amplia\u00e7\u00e3o das ambul\u00e2ncias do tipo \u2018B\u2019, para o suporte b\u00e1sico.&nbsp;<br>&#8220;Com a pandemia houve um grande aumento da demanda por transporte de urg\u00eancia e emerg\u00eancia, e consequentemente o tempo de espera pelo deslocamento dos pacientes. Por isso pedimos que o Governo do Estado e a Secretaria de Sa\u00fade direcionem esfor\u00e7os para ampliar a frota de ambul\u00e2ncias&#8221;, comentou L\u00e9o Barbosa.&nbsp;&nbsp; &nbsp; &nbsp;&nbsp;Na ocasi\u00e3o, Barbosa destacou ainda o direcionamento de suas emendas parlamentares impositivas ao or\u00e7amento estadual para a aquisi\u00e7\u00e3o de ambul\u00e2ncias para v\u00e1rios munic\u00edpios tocantinenses, entre eles est\u00e3o Sandol\u00e2ndia, Itapiratins e Rio dos Bois.\n\n<\/p>\n","protected":false},"excerpt":{"rendered":"<p>O deputado estadual L\u00e9o Barbosa (Solidariedade) solicitou nesta quarta-feira (02), em regime de urg\u00eancia,&nbsp; que o Governo do Tocantins e a Secretaria Estadual da Sa\u00fade (SES) ampliem a frota de ambul\u00e2ncias que fazem o transporte inter-hospitalar da Rede Estadual de Sa\u00fade.De acordo com o parlamentar, a necessidade \u00e9 de unidades m\u00f3veis do \u201ctipo D\u201d, que [&hellip;]<\/p>\n","protected":false},"author":2,"featured_media":8571,"comment_status":"open","ping_status":"open","sticky":false,"template":"","format":"standard","meta":[],"categories":[8],"tags":[],"_links":{"self":[{"href":"https:\/\/dgospel.com.br\/portal\/index.php\/wp-json\/wp\/v2\/posts\/8570"}],"collection":[{"href":"https:\/\/dgospel.com.br\/portal\/index.php\/wp-json\/wp\/v2\/posts"}],"about":[{"href":"https:\/\/dgospel.com.br\/portal\/index.php\/wp-json\/wp\/v2\/types\/post"}],"author":[{"embeddable":true,"href":"https:\/\/dgospel.com.br\/portal\/index.php\/wp-json\/wp\/v2\/users\/2"}],"replies":[{"embeddable":true,"href":"https:\/\/dgospel.com.br\/portal\/index.php\/wp-json\/wp\/v2\/comments?post=8570"}],"version-history":[{"count":1,"href":"https:\/\/dgospel.com.br\/portal\/index.php\/wp-json\/wp\/v2\/posts\/8570\/revisions"}],"predecessor-version":[{"id":8572,"href":"https:\/\/dgospel.com.br\/portal\/index.php\/wp-json\/wp\/v2\/posts\/8570\/revisions\/8572"}],"wp:featuredmedia":[{"embeddable":true,"href":"https:\/\/dgospel.com.br\/portal\/index.php\/wp-json\/wp\/v2\/media\/8571"}],"wp:attachment":[{"href":"https:\/\/dgospel.com.br\/portal\/index.php\/wp-json\/wp\/v2\/media?parent=8570"}],"wp:term":[{"taxonomy":"category","embeddable":true,"href":"https:\/\/dgospel.com.br\/portal\/index.php\/wp-json\/wp\/v2\/categories?post=8570"},{"taxonomy":"post_tag","embeddable":true,"href":"https:\/\/dgospel.com.br\/portal\/index.php\/wp-json\/wp\/v2\/tags?post=8570"}],"curies":[{"name":"wp","href":"https:\/\/api.w.org\/{rel}","templated":true}]}}