{"id":8573,"date":"2021-06-03T09:12:47","date_gmt":"2021-06-03T12:12:47","guid":{"rendered":"http:\/\/dgospel.com.br\/portal\/?p=8573"},"modified":"2021-06-03T09:12:48","modified_gmt":"2021-06-03T12:12:48","slug":"policia-civil-deflagra-operacao-para-apurar-a-descumprimento-de-medidas-sanitarias-impostas-pelo-novo-coronavirus","status":"publish","type":"post","link":"https:\/\/dgospel.com.br\/portal\/index.php\/2021\/06\/03\/policia-civil-deflagra-operacao-para-apurar-a-descumprimento-de-medidas-sanitarias-impostas-pelo-novo-coronavirus\/","title":{"rendered":"Pol\u00edcia Civil deflagra opera\u00e7\u00e3o para apurar a descumprimento de medidas sanit\u00e1rias impostas pelo novo Coronav\u00edrus"},"content":{"rendered":"\n<p>Com os objetivos de verificar den\u00fancias, investigar e apurar a responsabilidade criminal decorrentes de infra\u00e7\u00f5es de medidas sanit\u00e1rias causadas pela pandemia do novo Coronav\u00edrus, a Pol\u00edcia Civil do Tocantins (PC-TO) deflagrou na noite desta ter\u00e7a-feira, 1\u00b0 de junho, na Capital, a opera\u00e7\u00e3o&nbsp;<em>268<\/em>. O prop\u00f3sito \u00e9 fiscalizar estabelecimentos ou locais em que estejam sendo descumpridas as medidas sanit\u00e1rias impostas pelos decretos do Governo do Tocantins e da prefeitura de Palmas.<\/p>\n\n\n\n<p>Comandada pelo diretor de Pol\u00edcia da Capital, delegado Gustavo Henrique da Silva Andrade; e tamb\u00e9m pela delegada-geral da Pol\u00edcia Civil do Tocantins, Raimunda Bezerra de Souza, a opera\u00e7\u00e3o teve in\u00edcio \u00e0s 21h30. Policiais civis de v\u00e1rias unidades de Palmas reuniram-se na sede da Secretaria de Estado da Seguran\u00e7a P\u00fablica (SSP), onde foram detalhados todos os aspectos a serem observados durante as incurs\u00f5es.<\/p>\n\n\n\n<p>Indicados os pontos de maior incid\u00eancia de aglomera\u00e7\u00f5es levantadas pelas equipes de intelig\u00eancia, os policiais sa\u00edram em dilig\u00eancia&nbsp;<em>in loco<\/em>&nbsp;para identificar, qualificar os envolvidos e colher elementos para investiga\u00e7\u00e3o e posterior a\u00e7\u00e3o penal.<\/p>\n\n\n\n<p>&#8220;As a\u00e7\u00f5es de car\u00e1ter de orienta\u00e7\u00e3o e conscientiza\u00e7\u00e3o continuam, mas \u00e9 dever da Pol\u00edcia Civil apurar a responsabilidade criminal de quem insiste em descumprir as restri\u00e7\u00f5es sanit\u00e1rias impostas pelo Poder P\u00fablico, quando as san\u00e7\u00f5es administrativas n\u00e3o s\u00e3o suficientes\u201d, esclareceu o diretor de Pol\u00edcia da Capital.<\/p>\n\n\n\n<p>A opera\u00e7\u00e3o foi denominada de&nbsp;<em>268<\/em>, em alus\u00e3o ao artigo do C\u00f3digo Penal, que tipifica a conduta de pessoas que infringem determina\u00e7\u00e3o do poder p\u00fablico, destinada a impedir introdu\u00e7\u00e3o ou propaga\u00e7\u00e3o de doen\u00e7a contagiosa. A pena para esse dito de conduta \u00e9 de deten\u00e7\u00e3o, de um m\u00eas a um ano, e multa.<\/p>\n\n\n\n<figure class=\"wp-block-image\"><img src=\"https:\/\/central.to.gov.br\/image\/246619?w=565&amp;h=349\" alt=\"\"\/><\/figure>\n\n\n\n<p>Policiais Civis efetuam verifica\u00e7\u00f5es durante a opera\u00e7\u00e3o 268 &#8211; SSP\/Governo do Tocantins<\/p>\n\n\n\n<figure class=\"wp-block-image\"><img src=\"https:\/\/central.to.gov.br\/image\/246620?w=565&amp;h=349\" alt=\"\"\/><\/figure>\n","protected":false},"excerpt":{"rendered":"<p>Com os objetivos de verificar den\u00fancias, investigar e apurar a responsabilidade criminal decorrentes de infra\u00e7\u00f5es de medidas sanit\u00e1rias causadas pela pandemia do novo Coronav\u00edrus, a Pol\u00edcia Civil do Tocantins (PC-TO) deflagrou na noite desta ter\u00e7a-feira, 1\u00b0 de junho, na Capital, a opera\u00e7\u00e3o&nbsp;268. O prop\u00f3sito \u00e9 fiscalizar estabelecimentos ou locais em que estejam sendo descumpridas as [&hellip;]<\/p>\n","protected":false},"author":2,"featured_media":8574,"comment_status":"open","ping_status":"open","sticky":false,"template":"","format":"standard","meta":[],"categories":[3],"tags":[13],"_links":{"self":[{"href":"https:\/\/dgospel.com.br\/portal\/index.php\/wp-json\/wp\/v2\/posts\/8573"}],"collection":[{"href":"https:\/\/dgospel.com.br\/portal\/index.php\/wp-json\/wp\/v2\/posts"}],"about":[{"href":"https:\/\/dgospel.com.br\/portal\/index.php\/wp-json\/wp\/v2\/types\/post"}],"author":[{"embeddable":true,"href":"https:\/\/dgospel.com.br\/portal\/index.php\/wp-json\/wp\/v2\/users\/2"}],"replies":[{"embeddable":true,"href":"https:\/\/dgospel.com.br\/portal\/index.php\/wp-json\/wp\/v2\/comments?post=8573"}],"version-history":[{"count":1,"href":"https:\/\/dgospel.com.br\/portal\/index.php\/wp-json\/wp\/v2\/posts\/8573\/revisions"}],"predecessor-version":[{"id":8575,"href":"https:\/\/dgospel.com.br\/portal\/index.php\/wp-json\/wp\/v2\/posts\/8573\/revisions\/8575"}],"wp:featuredmedia":[{"embeddable":true,"href":"https:\/\/dgospel.com.br\/portal\/index.php\/wp-json\/wp\/v2\/media\/8574"}],"wp:attachment":[{"href":"https:\/\/dgospel.com.br\/portal\/index.php\/wp-json\/wp\/v2\/media?parent=8573"}],"wp:term":[{"taxonomy":"category","embeddable":true,"href":"https:\/\/dgospel.com.br\/portal\/index.php\/wp-json\/wp\/v2\/categories?post=8573"},{"taxonomy":"post_tag","embeddable":true,"href":"https:\/\/dgospel.com.br\/portal\/index.php\/wp-json\/wp\/v2\/tags?post=8573"}],"curies":[{"name":"wp","href":"https:\/\/api.w.org\/{rel}","templated":true}]}}