{"id":8576,"date":"2021-06-03T09:17:33","date_gmt":"2021-06-03T12:17:33","guid":{"rendered":"http:\/\/dgospel.com.br\/portal\/?p=8576"},"modified":"2021-06-03T09:17:34","modified_gmt":"2021-06-03T12:17:34","slug":"wanderlei-barbosa-destaca-que-reducao-dos-desmatamentos-sao-animadores-e-reflexo-da-seriedade-da-politica-ambiental-do-governo-do-to","status":"publish","type":"post","link":"https:\/\/dgospel.com.br\/portal\/index.php\/2021\/06\/03\/wanderlei-barbosa-destaca-que-reducao-dos-desmatamentos-sao-animadores-e-reflexo-da-seriedade-da-politica-ambiental-do-governo-do-to\/","title":{"rendered":"Wanderlei Barbosa destaca que redu\u00e7\u00e3o dos desmatamentos s\u00e3o animadores e reflexo da seriedade da pol\u00edtica ambiental do Governo do TO"},"content":{"rendered":"\n<p>O vice-governador do Estado do Tocantins, Wanderlei Barbosa, destacou que os n\u00fameros dos desmatamentos no Tocantins s\u00e3o animadores e representam a seriedade com que o Governo Mauro Carlesse trata a quest\u00e3o ambiental no Estado. A cita\u00e7\u00e3o foi feita nesta quarta-feira, 2, durante reuni\u00e3o por videoconfer\u00eancia do presidente do Conselho Nacional da Amaz\u00f4nia Legal, vice-presidente da Rep\u00fablica Hamilton Mour\u00e3o, com os governadores da Amaz\u00f4nia Legal.<\/p>\n\n\n\n<p>\u201cOs n\u00fameros no Tocantins s\u00e3o animadores no que diz respeito ao desmatamento e ao meio ambiente. Isso \u00e9 resultado de uma pol\u00edtica ambiental s\u00e9ria e comprometida com o desenvolvimento sustent\u00e1vel e com a legalidade. Aqui acompanhamos de perto, por meio dos \u00f3rg\u00e3os de controle como o Naturatins [Instituto Natureza do Tocantins], para que n\u00e3o haja desmatamento ilegal e o governador Mauro Carlesse tem sido duro nesse aspecto para n\u00e3o permitir os desmatamentos ilegais\u201d, frisou Wanderlei Barbosa, garantindo que o Tocantins vai participar de eventos mundiais sobre meio ambiente, como a Expo Dubai, apresentando projetos e proposituras importantes na \u00e1rea da sustentabilidade para o Tocantins e para o Brasil.<\/p>\n\n\n\n<p>O vice-governador tamb\u00e9m informou que na pr\u00f3xima semana ser\u00e3o iniciados projetos para o combate aos inc\u00eandios em todo o territ\u00f3rio tocantinense. A iniciativa ser\u00e1 realizada em conjunto com as for\u00e7as de seguran\u00e7a, Instituto Brasileiro de Meio Ambiente e Recursos Naturais Renov\u00e1veis (Ibama), Naturatins e as prefeituras. A a\u00e7\u00e3o visa minimizar os impactos causados \u00e0 popula\u00e7\u00e3o em raz\u00e3o das queimadas, comuns nesta \u00e9poca do ano.<\/p>\n\n\n\n<p>Os dados tamb\u00e9m foram citados por Hamilton Mour\u00e3o e fazem parte da pesquisa realizada pelo Instituto Nacional de Pesquisas Espaciais (INPE), realizada no per\u00edodo de janeiro a 31 de maio deste ano. De acordo com os dados apresentados pelo vice-presidente, os desmatamentos t\u00eam aumentado significativamente na Amaz\u00f4nia, no entanto, o Tocantins \u00e9 um dos poucos estados com \u00edndices positivos. J\u00e1 o estado do Par\u00e1 \u00e9 o l\u00edder de desmatamento na regi\u00e3o.<\/p>\n\n\n\n<p><strong>Pauta<\/strong><\/p>\n\n\n\n<p>Durante a reuni\u00e3o, o vice-presidente Hamilton Mour\u00e3o falou sobre a Expo Dubai, organizada pelo Bureau International des Expositions, a ser realizada na cidade de Dubai, nos Emirados \u00c1rabes Unidos, no per\u00edodo de seis meses, entre 1\u00ba de outubro de 2021 e 31 de mar\u00e7o de 2022.<\/p>\n\n\n\n<p>A reuni\u00e3o tamb\u00e9m abordou&nbsp;o Plano Amaz\u00f4nia, regulariza\u00e7\u00e3o fundi\u00e1ria e o novo Cadastro Ambiental Rural (CAR), que est\u00e1 sendo implementado pelo Minist\u00e9rio da Agricultura, al\u00e9m da apresenta\u00e7\u00e3o dos dados do desmatamento na Amaz\u00f4nia.<\/p>\n\n\n\n<figure class=\"wp-block-image\"><img src=\"https:\/\/central.to.gov.br\/image\/246636?w=565&amp;h=349\" alt=\"\"\/><\/figure>\n\n\n\n<p>Governo do Tocantins vai participar de eventos mundiais sobre meio ambiente, como a Expo Dubai, apresentando projetos e proposituras importantes na \u00e1rea da sustentabilidade para o Estado e para o Brasil &#8211; Esequias Ara\u00fajo\/Governo do Tocantins<\/p>\n\n\n\n<figure class=\"wp-block-image\"><img src=\"https:\/\/central.to.gov.br\/image\/246635?w=565&amp;h=349\" alt=\"\"\/><\/figure>\n\n\n\n<p>Al\u00e9m do vice-governador Wanderlei Barbosa, reuni\u00e3o contou com a participa\u00e7\u00e3o da secret\u00e1ria de Meio Ambiente e Recursos H\u00eddricos, Miyuki Hyashida, e do presidente da Ag\u00eancia do Desenvolvimento do Turismo, Cultura e Economia Criativa, Jairo Mariano &#8211; Esequias Ara\u00fajo\/Governo do Tocantins<\/p>\n\n\n\n<figure class=\"wp-block-image\"><img src=\"https:\/\/central.to.gov.br\/image\/246637?w=565&amp;h=349\" alt=\"\"\/><\/figure>\n\n\n\n<p>O vice-governador Wanderlei Barbosa tamb\u00e9m informou que na pr\u00f3xima semana ser\u00e3o iniciados projetos para o combate aos inc\u00eandios em todo o territ\u00f3rio tocantinense &#8211; Esequias Ara\u00fajo\/Governo do Tocantins\n\n<\/p>\n","protected":false},"excerpt":{"rendered":"<p>O vice-governador do Estado do Tocantins, Wanderlei Barbosa, destacou que os n\u00fameros dos desmatamentos no Tocantins s\u00e3o animadores e representam a seriedade com que o Governo Mauro Carlesse trata a quest\u00e3o ambiental no Estado. A cita\u00e7\u00e3o foi feita nesta quarta-feira, 2, durante reuni\u00e3o por videoconfer\u00eancia do presidente do Conselho Nacional da Amaz\u00f4nia Legal, vice-presidente da [&hellip;]<\/p>\n","protected":false},"author":2,"featured_media":8577,"comment_status":"open","ping_status":"open","sticky":false,"template":"","format":"standard","meta":[],"categories":[3],"tags":[13],"_links":{"self":[{"href":"https:\/\/dgospel.com.br\/portal\/index.php\/wp-json\/wp\/v2\/posts\/8576"}],"collection":[{"href":"https:\/\/dgospel.com.br\/portal\/index.php\/wp-json\/wp\/v2\/posts"}],"about":[{"href":"https:\/\/dgospel.com.br\/portal\/index.php\/wp-json\/wp\/v2\/types\/post"}],"author":[{"embeddable":true,"href":"https:\/\/dgospel.com.br\/portal\/index.php\/wp-json\/wp\/v2\/users\/2"}],"replies":[{"embeddable":true,"href":"https:\/\/dgospel.com.br\/portal\/index.php\/wp-json\/wp\/v2\/comments?post=8576"}],"version-history":[{"count":1,"href":"https:\/\/dgospel.com.br\/portal\/index.php\/wp-json\/wp\/v2\/posts\/8576\/revisions"}],"predecessor-version":[{"id":8578,"href":"https:\/\/dgospel.com.br\/portal\/index.php\/wp-json\/wp\/v2\/posts\/8576\/revisions\/8578"}],"wp:featuredmedia":[{"embeddable":true,"href":"https:\/\/dgospel.com.br\/portal\/index.php\/wp-json\/wp\/v2\/media\/8577"}],"wp:attachment":[{"href":"https:\/\/dgospel.com.br\/portal\/index.php\/wp-json\/wp\/v2\/media?parent=8576"}],"wp:term":[{"taxonomy":"category","embeddable":true,"href":"https:\/\/dgospel.com.br\/portal\/index.php\/wp-json\/wp\/v2\/categories?post=8576"},{"taxonomy":"post_tag","embeddable":true,"href":"https:\/\/dgospel.com.br\/portal\/index.php\/wp-json\/wp\/v2\/tags?post=8576"}],"curies":[{"name":"wp","href":"https:\/\/api.w.org\/{rel}","templated":true}]}}