{"id":8579,"date":"2021-06-03T09:24:47","date_gmt":"2021-06-03T12:24:47","guid":{"rendered":"http:\/\/dgospel.com.br\/portal\/?p=8579"},"modified":"2021-06-03T09:29:35","modified_gmt":"2021-06-03T12:29:35","slug":"todos-os-brasileiros-poderao-se-vacinar-em-2021-diz-bolsonaro","status":"publish","type":"post","link":"https:\/\/dgospel.com.br\/portal\/index.php\/2021\/06\/03\/todos-os-brasileiros-poderao-se-vacinar-em-2021-diz-bolsonaro\/","title":{"rendered":"Todos os brasileiros poder\u00e3o se vacinar em 2021, diz Bolsonaro"},"content":{"rendered":"\n<p>\n\nEm pronunciamento nacional em r\u00e1dio e TV nesta quarta-feira (2), o presidente Jair Bolsonaro falou sobre as medidas adotadas pelo governo no enfrentamento \u00e0 pandemia de Covid-19. Ele ainda comentou sobre os feitos econ\u00f4micos de sua gest\u00e3o e tratou da realiza\u00e7\u00e3o da Copa Am\u00e9rica no Brasil.\n\n<\/p>\n\n\n\n<figure class=\"wp-block-image\"><img src=\"https:\/\/static.cdn.pleno.news\/2021\/06\/Bolso-1024x536.png\" alt=\"\" class=\"wp-image-734551\"\/><figcaption>Presidente Jair Bolsonaro em pronunciamento de r\u00e1dio e TV&nbsp;Foto: Reprodu\u00e7\u00e3o<\/figcaption><\/figure>\n\n\n\n<p> Ele iniciou sua fala falando sobre a marca de 100 milh\u00f5es de vacinas contra a Covid-19 distribu\u00eddas aos estados munic\u00edpios. <\/p>\n\n\n\n<p>\u2013 Sinto profundamente cada vida perdida em nosso pa\u00eds. Hoje alcan\u00e7amos a marca de 100 milh\u00f5es de doses distribu\u00eddas a estados e munic\u00edpios. O Brasil \u00e9 o quarto pa\u00eds que mais vacina no mundo. Neste ano, todos os brasileiros que assim desejarem poder\u00e3o se vacinar \u2013 apontou.<\/p>\n\n\n\n<p>Bolsonaro ent\u00e3o lembrou que n\u00e3o adotou medidas de lockdown.<\/p>\n\n\n\n<p>\u2013 O nosso governo n\u00e3o obrigou ningu\u00e9m a ficar em casa, n\u00e3o fechou com\u00e9rcios, n\u00e3o fechou igrejas ou escolas e n\u00e3o tirou o sustento de milh\u00f5es de trabalhadores informais. Sempre disse que t\u00ednhamos dois problemas, o v\u00edrus e o desemprego, que deveriam ser tratados com a mesma responsabilidade e de forma simult\u00e2nea \u2013 destacou.<\/p>\n\n\n\n<p>Ele explicou a melhora da situa\u00e7\u00e3o econ\u00f4mica do Brasil.<\/p>\n\n\n\n<p>\u2013 Terminamos 2020 com mais empregos formais do que 2019. Somente nos primeiros quatro meses desse ano, o Brasil criou mais de 900 mil novos empregos. O PIB projetado para 2021 prev\u00ea um crescimento da economia superior a 4%. S\u00f3 no primeiro trimestre deste ano, a economia mostrou o seu vigor, estando entre os pa\u00edses do mundo que mais cresceram \u2013 ressaltou.<\/p>\n\n\n\n<p>Ele tamb\u00e9m falou sobre o desempenho das estatais em seu governo e explicou a realiza\u00e7\u00e3o da Copa Am\u00e9rica no pa\u00eds.<\/p>\n\n\n\n<p>-Aceitamos a realiza\u00e7\u00e3o no Brasil da Copa Am\u00e9rica. O nosso governo joga dentro das quatro linhas da Constitui\u00e7\u00e3o. Considera o direito de ir vir, o direito ao trabalho e o o livre exerc\u00edcio de cultos religiosos inegoci\u00e1veis \u2013 afirmou.<\/p>\n\n\n\n<p><a href=\"https:\/\/twitter.com\/i\/broadcasts\/1BdGYYQdqdEGX?ref_src=twsrc%5Etfw%7Ctwcamp%5Etweetembed%7Ctwterm%5E1400232866089426949%7Ctwgr%5E%7Ctwcon%5Es1_&amp;ref_url=https%3A%2F%2Fpleno.news%2Fbrasil%2Fpolitica-nacional%2Fem-pronunciamento-bolsonaro-diz-que-todos-os-brasileiros-poderao-se-vacinar-em-2021.html\">https:\/\/twitter.com\/i\/broadcasts\/1BdGYYQdqdEGX?ref_src=twsrc%5Etfw%7Ctwcamp%5Etweetembed%7Ctwterm%5E1400232866089426949%7Ctwgr%5E%7Ctwcon%5Es1_&amp;ref_url=https%3A%2F%2Fpleno.news%2Fbrasil%2Fpolitica-nacional%2Fem-pronunciamento-bolsonaro-diz-que-todos-os-brasileiros-poderao-se-vacinar-em-2021.html<\/a><\/p>\n","protected":false},"excerpt":{"rendered":"<p>Em pronunciamento nacional em r\u00e1dio e TV nesta quarta-feira (2), o presidente Jair Bolsonaro falou sobre as medidas adotadas pelo governo no enfrentamento \u00e0 pandemia de Covid-19. Ele ainda comentou sobre os feitos econ\u00f4micos de sua gest\u00e3o e tratou da realiza\u00e7\u00e3o da Copa Am\u00e9rica no Brasil. Ele iniciou sua fala falando sobre a marca de [&hellip;]<\/p>\n","protected":false},"author":2,"featured_media":7740,"comment_status":"open","ping_status":"open","sticky":false,"template":"","format":"standard","meta":[],"categories":[4],"tags":[],"_links":{"self":[{"href":"https:\/\/dgospel.com.br\/portal\/index.php\/wp-json\/wp\/v2\/posts\/8579"}],"collection":[{"href":"https:\/\/dgospel.com.br\/portal\/index.php\/wp-json\/wp\/v2\/posts"}],"about":[{"href":"https:\/\/dgospel.com.br\/portal\/index.php\/wp-json\/wp\/v2\/types\/post"}],"author":[{"embeddable":true,"href":"https:\/\/dgospel.com.br\/portal\/index.php\/wp-json\/wp\/v2\/users\/2"}],"replies":[{"embeddable":true,"href":"https:\/\/dgospel.com.br\/portal\/index.php\/wp-json\/wp\/v2\/comments?post=8579"}],"version-history":[{"count":1,"href":"https:\/\/dgospel.com.br\/portal\/index.php\/wp-json\/wp\/v2\/posts\/8579\/revisions"}],"predecessor-version":[{"id":8580,"href":"https:\/\/dgospel.com.br\/portal\/index.php\/wp-json\/wp\/v2\/posts\/8579\/revisions\/8580"}],"wp:featuredmedia":[{"embeddable":true,"href":"https:\/\/dgospel.com.br\/portal\/index.php\/wp-json\/wp\/v2\/media\/7740"}],"wp:attachment":[{"href":"https:\/\/dgospel.com.br\/portal\/index.php\/wp-json\/wp\/v2\/media?parent=8579"}],"wp:term":[{"taxonomy":"category","embeddable":true,"href":"https:\/\/dgospel.com.br\/portal\/index.php\/wp-json\/wp\/v2\/categories?post=8579"},{"taxonomy":"post_tag","embeddable":true,"href":"https:\/\/dgospel.com.br\/portal\/index.php\/wp-json\/wp\/v2\/tags?post=8579"}],"curies":[{"name":"wp","href":"https:\/\/api.w.org\/{rel}","templated":true}]}}