{"id":859,"date":"2018-07-30T10:16:28","date_gmt":"2018-07-30T13:16:28","guid":{"rendered":"http:\/\/dgospel.com.br\/portal\/?p=859"},"modified":"2018-07-30T10:16:28","modified_gmt":"2018-07-30T13:16:28","slug":"assembleia-de-deus-em-santa-maria-rs-compra-predio-de-boate-famosa-na-cidade","status":"publish","type":"post","link":"https:\/\/dgospel.com.br\/portal\/index.php\/2018\/07\/30\/assembleia-de-deus-em-santa-maria-rs-compra-predio-de-boate-famosa-na-cidade\/","title":{"rendered":"Assembleia de Deus em Santa Maria (RS) compra pr\u00e9dio de boate famosa na cidade"},"content":{"rendered":"<p>A\u00a0<em>Assembleia de Deus em Santa Maria<\/em>\u00a0(RS), presidida pelo pastor Domingos Floreni Lamberty adquiriu recentemente o pr\u00e9dio da boate\u00a0<em>Macondo Lugar<\/em>. A informa\u00e7\u00e3o foi divulgada por meio de uma postagem no\u00a0<em>jornal Di\u00e1rio de Santa Maria<\/em>, do dia 26 de julho.<\/p>\n<p>Localizado na Rua Serafim Valandro, entre a Ven\u00e2ncio Aires e a Andradas, o espa\u00e7o ir\u00e1 abrigar inicialmente a\u00a0<em>Associa\u00e7\u00e3o Educar e Crescer (AEC)<\/em>, que trata-se de uma entidade ligada \u00e0 igreja em Santa Maria (RS), onde oferecem aulas de m\u00fasica para crian\u00e7as, adolescentes e jovens, al\u00e9m de distribui\u00e7\u00e3o de cestas b\u00e1sicas. O pastor Domingos Floreni afirma que pretende tamb\u00e9m construir o estacionamento e a administra\u00e7\u00e3o da igreja em um pr\u00e9dio novo a ser constru\u00eddo no terreno onde encontra-se a atual estrutura de tr\u00eas andares e terra\u00e7o.<\/p>\n<p>De acordo com o pastor ga\u00facho, um dos motivos para o interesse da igreja na instala\u00e7\u00e3o, \u00e9 que o im\u00f3vel possui isolamento ac\u00fastico e documenta\u00e7\u00e3o em dia, o que significa que tem alvar\u00e1 emitido pelas autoridades. &#8220;Antes essa rua era tomada por jovens desejosos de participar da divers\u00e3o oferecida pela boate, mas repentinamente o dono do estabelecimento decidiu mudar de ramo e colocou o im\u00f3vel a venda&#8221;, afirma ele.afirma ele.<\/p>\n<p><strong>Fonte:\u00a0 CPAD News\/ Com informa\u00e7\u00f5es do jornal Di\u00e1rio &#8211; Foto: AD Santa Maria<\/strong><\/p>\n","protected":false},"excerpt":{"rendered":"<p>A\u00a0Assembleia de Deus em Santa Maria\u00a0(RS), presidida pelo pastor Domingos Floreni Lamberty adquiriu recentemente o pr\u00e9dio da boate\u00a0Macondo Lugar. A informa\u00e7\u00e3o foi divulgada por meio de uma postagem no\u00a0jornal Di\u00e1rio de Santa Maria, do dia 26 de julho. Localizado na Rua Serafim Valandro, entre a Ven\u00e2ncio Aires e a Andradas, o espa\u00e7o ir\u00e1 abrigar inicialmente [&hellip;]<\/p>\n","protected":false},"author":2,"featured_media":860,"comment_status":"open","ping_status":"open","sticky":false,"template":"","format":"standard","meta":[],"categories":[2,5],"tags":[],"_links":{"self":[{"href":"https:\/\/dgospel.com.br\/portal\/index.php\/wp-json\/wp\/v2\/posts\/859"}],"collection":[{"href":"https:\/\/dgospel.com.br\/portal\/index.php\/wp-json\/wp\/v2\/posts"}],"about":[{"href":"https:\/\/dgospel.com.br\/portal\/index.php\/wp-json\/wp\/v2\/types\/post"}],"author":[{"embeddable":true,"href":"https:\/\/dgospel.com.br\/portal\/index.php\/wp-json\/wp\/v2\/users\/2"}],"replies":[{"embeddable":true,"href":"https:\/\/dgospel.com.br\/portal\/index.php\/wp-json\/wp\/v2\/comments?post=859"}],"version-history":[{"count":1,"href":"https:\/\/dgospel.com.br\/portal\/index.php\/wp-json\/wp\/v2\/posts\/859\/revisions"}],"predecessor-version":[{"id":861,"href":"https:\/\/dgospel.com.br\/portal\/index.php\/wp-json\/wp\/v2\/posts\/859\/revisions\/861"}],"wp:featuredmedia":[{"embeddable":true,"href":"https:\/\/dgospel.com.br\/portal\/index.php\/wp-json\/wp\/v2\/media\/860"}],"wp:attachment":[{"href":"https:\/\/dgospel.com.br\/portal\/index.php\/wp-json\/wp\/v2\/media?parent=859"}],"wp:term":[{"taxonomy":"category","embeddable":true,"href":"https:\/\/dgospel.com.br\/portal\/index.php\/wp-json\/wp\/v2\/categories?post=859"},{"taxonomy":"post_tag","embeddable":true,"href":"https:\/\/dgospel.com.br\/portal\/index.php\/wp-json\/wp\/v2\/tags?post=859"}],"curies":[{"name":"wp","href":"https:\/\/api.w.org\/{rel}","templated":true}]}}