{"id":8595,"date":"2021-06-04T13:06:34","date_gmt":"2021-06-04T16:06:34","guid":{"rendered":"http:\/\/dgospel.com.br\/portal\/?p=8595"},"modified":"2021-06-04T13:06:35","modified_gmt":"2021-06-04T16:06:35","slug":"deputados-repudiam-tratamento-dado-a-dra-nise-na-cpi-da-covid","status":"publish","type":"post","link":"https:\/\/dgospel.com.br\/portal\/index.php\/2021\/06\/04\/deputados-repudiam-tratamento-dado-a-dra-nise-na-cpi-da-covid\/","title":{"rendered":"Deputados repudiam tratamento dado \u00e0 Dra. Nise na CPI da Covid"},"content":{"rendered":"\n<p> Nesta quarta-feira (3), um grupo de parlamentares apresentou \u00e0 C\u00e2mara dos Deputados uma Mo\u00e7\u00e3o de Rep\u00fadio ao tratamento concedido \u00e0 Dra. Nise Yamaguchi na Comiss\u00e3o Parlamentar de Inqu\u00e9rito (CPI) da Covid, nesta ter\u00e7a-feira (1\u00b0). <\/p>\n\n\n\n<p> Assinaram o documento deputadas e deputados como Chris Tonietto (PSL\/RJ), Bia Kicis (PSL\/DF), Daniel Silveira (PSL\/RJ), Carlos Jordy (PSL\/RJ), General Gir\u00e3o (PSL\/RN), Carla Zambelli (PSL\/SP), entre outros nomes da Casa Legislativa. <\/p>\n\n\n\n<p>\u2013 Nosso mais veemente rep\u00fadio \u00e0 Comiss\u00e3o Parlamentar de Inqu\u00e9rito (\u2026) pelo tratamento extremamente desrespeitoso e indigno concedido \u00e0 Dra. Nise Yamaguchi (\u2026) alvo de insultos, deboches e graves contesta\u00e7\u00f5es de sua autoridade de especialista, por parte de Senadores da Rep\u00fablica, ao longo de todo o depoimento que prestou \u00e0 referida Comiss\u00e3o no dia 1\u00b0 de junho \u2013 diz a mo\u00e7\u00e3o.<\/p>\n\n\n\n<p>Para os parlamentares, a \u201ccondu\u00e7\u00e3o ideol\u00f3gica\u201d do colegiado arrisca a reputa\u00e7\u00e3o do Senado.<\/p>\n\n\n\n<p>\u2013 A condu\u00e7\u00e3o ideol\u00f3gica dos trabalhos de uma CPI que trata de assunto t\u00e3o grave, de cunho cient\u00edfico e extremamente delicado, que envolve as vidas de milh\u00f5es de cidad\u00e3os brasileiros, al\u00e9m de absolutamente inaceit\u00e1vel dos pontos de vista institucional e moral, arrisca, em grande medida, a reputa\u00e7\u00e3o do Senado Federal e de nossas demais institui\u00e7\u00f5es democr\u00e1ticas.<\/p>\n\n\n\n<p>Nas palavras de Chris Tonietto, \u201co tamanho desrespeito dos Senadores da Rep\u00fablica para com uma mulher, senhora e especialista na \u00e1rea de sa\u00fade chocou todo cidad\u00e3o que acompanhava o teatro da CPI.\u201d<\/p>\n\n\n\n<p><strong>SAIBA QUAIS DEPUTADOS ASSINARAM:<\/strong><\/p>\n\n\n\n<ul><li>Chris Tonietto (PSL\/RJ)<\/li><li>Bia Kicis (PSL\/DF)<\/li><li>Aline Sleutjes (PSL\/PR)<\/li><li>Marcelo Brum (PSL\/RS)<\/li><li>Caroline de Toni (PSL\/SC)<\/li><li>Al\u00ea Silva (PSL\/MG)<\/li><li>Dr. Jaziel (PL\/CE)<\/li><li>Daniel Silveira (PSL\/RJ)<\/li><li>Carlos Jordy (PSL\/RJ)<\/li><li>General Gir\u00e3o (PSL\/RN)<\/li><li>Nelson Barbudo (PSL\/MT)<\/li><li>Sanderson (PSL\/RS)<\/li><li>Carla Dickson (PROS\/RN)<\/li><li>Carla Zambelli (PSL\/SP)<\/li><\/ul>\n","protected":false},"excerpt":{"rendered":"<p>Nesta quarta-feira (3), um grupo de parlamentares apresentou \u00e0 C\u00e2mara dos Deputados uma Mo\u00e7\u00e3o de Rep\u00fadio ao tratamento concedido \u00e0 Dra. Nise Yamaguchi na Comiss\u00e3o Parlamentar de Inqu\u00e9rito (CPI) da Covid, nesta ter\u00e7a-feira (1\u00b0). Assinaram o documento deputadas e deputados como Chris Tonietto (PSL\/RJ), Bia Kicis (PSL\/DF), Daniel Silveira (PSL\/RJ), Carlos Jordy (PSL\/RJ), General Gir\u00e3o [&hellip;]<\/p>\n","protected":false},"author":2,"featured_media":8596,"comment_status":"open","ping_status":"open","sticky":false,"template":"","format":"standard","meta":[],"categories":[8,4],"tags":[],"_links":{"self":[{"href":"https:\/\/dgospel.com.br\/portal\/index.php\/wp-json\/wp\/v2\/posts\/8595"}],"collection":[{"href":"https:\/\/dgospel.com.br\/portal\/index.php\/wp-json\/wp\/v2\/posts"}],"about":[{"href":"https:\/\/dgospel.com.br\/portal\/index.php\/wp-json\/wp\/v2\/types\/post"}],"author":[{"embeddable":true,"href":"https:\/\/dgospel.com.br\/portal\/index.php\/wp-json\/wp\/v2\/users\/2"}],"replies":[{"embeddable":true,"href":"https:\/\/dgospel.com.br\/portal\/index.php\/wp-json\/wp\/v2\/comments?post=8595"}],"version-history":[{"count":1,"href":"https:\/\/dgospel.com.br\/portal\/index.php\/wp-json\/wp\/v2\/posts\/8595\/revisions"}],"predecessor-version":[{"id":8597,"href":"https:\/\/dgospel.com.br\/portal\/index.php\/wp-json\/wp\/v2\/posts\/8595\/revisions\/8597"}],"wp:featuredmedia":[{"embeddable":true,"href":"https:\/\/dgospel.com.br\/portal\/index.php\/wp-json\/wp\/v2\/media\/8596"}],"wp:attachment":[{"href":"https:\/\/dgospel.com.br\/portal\/index.php\/wp-json\/wp\/v2\/media?parent=8595"}],"wp:term":[{"taxonomy":"category","embeddable":true,"href":"https:\/\/dgospel.com.br\/portal\/index.php\/wp-json\/wp\/v2\/categories?post=8595"},{"taxonomy":"post_tag","embeddable":true,"href":"https:\/\/dgospel.com.br\/portal\/index.php\/wp-json\/wp\/v2\/tags?post=8595"}],"curies":[{"name":"wp","href":"https:\/\/api.w.org\/{rel}","templated":true}]}}