{"id":8604,"date":"2021-06-07T10:34:52","date_gmt":"2021-06-07T13:34:52","guid":{"rendered":"http:\/\/dgospel.com.br\/portal\/?p=8604"},"modified":"2021-06-07T10:34:53","modified_gmt":"2021-06-07T13:34:53","slug":"assaltante-aborda-cristaos-em-monte-e-morre-apos-oracao-de-pastor","status":"publish","type":"post","link":"https:\/\/dgospel.com.br\/portal\/index.php\/2021\/06\/07\/assaltante-aborda-cristaos-em-monte-e-morre-apos-oracao-de-pastor\/","title":{"rendered":"Assaltante aborda crist\u00e3os em monte e morre ap\u00f3s ora\u00e7\u00e3o de pastor"},"content":{"rendered":"\n<p>\n\nUma dupla de assaltantes rendeu um grupo de crist\u00e3os que orava sobre um monte Ribeir\u00e3o das Neves, Regi\u00e3o Metropolitana de Belo Horizonte, neste s\u00e1bado (5). Armados com um fac\u00e3o e um rev\u00f3lver falso, os criminosos anunciaram o assalto, mas o desenrolar dos acontecimentos tomou um desfecho surpreendente.\n\n<\/p>\n\n\n\n<figure class=\"wp-block-image\"><img src=\"https:\/\/static.cdn.pleno.news\/2021\/06\/Design-sem-nome-7.png\" alt=\"V\u00eddeo: Assaltante aborda crist\u00e3os em monte e morre ap\u00f3s ora\u00e7\u00e3o de pastor\" class=\"wp-image-736127\"\/><figcaption>Homem teve \u201cmal s\u00fabito\u201d, segundo informa\u00e7\u00f5es da pol\u00edcia<\/figcaption><\/figure>\n\n\n\n<p> O pastor fez uma ora\u00e7\u00e3o pelos ladr\u00f5es no local e, de acordo com a pol\u00edcia, um deles teve um mal s\u00fabito e morreu na hora. <\/p>\n\n\n\n<p>O outro recebeu um abra\u00e7o do pastor e o perd\u00e3o dos fi\u00e9is, que o deixaram fugir em dire\u00e7\u00e3o \u00e0 mata.<\/p>\n\n\n\n<figure class=\"wp-block-image\"><img src=\"https:\/\/static.cdn.pleno.news\/2021\/06\/okp.png\" alt=\"V\u00eddeo: Assaltante aborda crist\u00e3os em monte e morre ap\u00f3s ora\u00e7\u00e3o de pastor\" class=\"wp-image-736128\"\/><figcaption>Um dos assaltantes recebe abra\u00e7o do pastor&nbsp;Foto: Reprodu\u00e7\u00e3o<\/figcaption><\/figure>\n\n\n\n<p>\u2013 N\u00f3s perdoamos voc\u00eas porque n\u00f3s somos homens de Deus, nos n\u00e3o somos moleques n\u00e3o, var\u00e3o. Eu sou das for\u00e7as armadas, se n\u00f3s n\u00e3o f\u00f4ssemos homens de Deus, n\u00f3s \u00edamos fazer o mal para voc\u00eas. Mas eu amo a sua vida, eu amo a sua alma. Vai embora e pede perd\u00e3o a Deus \u2013 disse o pastor, ainda sem saber que um dos assaltantes tinha vindo \u00e0 \u00f3bito.<\/p>\n\n\n\n<p>Ao constatarem o fato, os fi\u00e9is acionaram a pol\u00edcia. O rabec\u00e3o e a per\u00edcia compareceram ao local, e levaram o corpo para o Instituto M\u00e9dico Legal de Betim, tamb\u00e9m na Regi\u00e3o Metropolitana de BH.<\/p>\n\n\n\n<p>As investiga\u00e7\u00f5es est\u00e3o sob responsabilidade da delegacia de plant\u00e3o da Pol\u00edcia Civil de Ribeir\u00e3o das Neves.<\/p>\n\n\n\n<figure class=\"wp-block-embed-youtube wp-block-embed is-type-video is-provider-youtube wp-embed-aspect-4-3 wp-has-aspect-ratio\"><div class=\"wp-block-embed__wrapper\">\n<iframe loading=\"lazy\" title=\"Homem morre ap\u00f3s tentar assaltar fi\u00e9is que oravam em Monte.\" width=\"630\" height=\"473\" src=\"https:\/\/www.youtube.com\/embed\/on7SY2G3MVY?feature=oembed\" frameborder=\"0\" allow=\"accelerometer; autoplay; clipboard-write; encrypted-media; gyroscope; picture-in-picture\" allowfullscreen><\/iframe>\n<\/div><\/figure>\n\n\n\n<p><\/p>\n","protected":false},"excerpt":{"rendered":"<p>Uma dupla de assaltantes rendeu um grupo de crist\u00e3os que orava sobre um monte Ribeir\u00e3o das Neves, Regi\u00e3o Metropolitana de Belo Horizonte, neste s\u00e1bado (5). Armados com um fac\u00e3o e um rev\u00f3lver falso, os criminosos anunciaram o assalto, mas o desenrolar dos acontecimentos tomou um desfecho surpreendente. O pastor fez uma ora\u00e7\u00e3o pelos ladr\u00f5es no [&hellip;]<\/p>\n","protected":false},"author":2,"featured_media":8605,"comment_status":"open","ping_status":"open","sticky":false,"template":"","format":"standard","meta":[],"categories":[5],"tags":[],"_links":{"self":[{"href":"https:\/\/dgospel.com.br\/portal\/index.php\/wp-json\/wp\/v2\/posts\/8604"}],"collection":[{"href":"https:\/\/dgospel.com.br\/portal\/index.php\/wp-json\/wp\/v2\/posts"}],"about":[{"href":"https:\/\/dgospel.com.br\/portal\/index.php\/wp-json\/wp\/v2\/types\/post"}],"author":[{"embeddable":true,"href":"https:\/\/dgospel.com.br\/portal\/index.php\/wp-json\/wp\/v2\/users\/2"}],"replies":[{"embeddable":true,"href":"https:\/\/dgospel.com.br\/portal\/index.php\/wp-json\/wp\/v2\/comments?post=8604"}],"version-history":[{"count":1,"href":"https:\/\/dgospel.com.br\/portal\/index.php\/wp-json\/wp\/v2\/posts\/8604\/revisions"}],"predecessor-version":[{"id":8606,"href":"https:\/\/dgospel.com.br\/portal\/index.php\/wp-json\/wp\/v2\/posts\/8604\/revisions\/8606"}],"wp:featuredmedia":[{"embeddable":true,"href":"https:\/\/dgospel.com.br\/portal\/index.php\/wp-json\/wp\/v2\/media\/8605"}],"wp:attachment":[{"href":"https:\/\/dgospel.com.br\/portal\/index.php\/wp-json\/wp\/v2\/media?parent=8604"}],"wp:term":[{"taxonomy":"category","embeddable":true,"href":"https:\/\/dgospel.com.br\/portal\/index.php\/wp-json\/wp\/v2\/categories?post=8604"},{"taxonomy":"post_tag","embeddable":true,"href":"https:\/\/dgospel.com.br\/portal\/index.php\/wp-json\/wp\/v2\/tags?post=8604"}],"curies":[{"name":"wp","href":"https:\/\/api.w.org\/{rel}","templated":true}]}}