{"id":8622,"date":"2021-06-07T23:42:55","date_gmt":"2021-06-08T02:42:55","guid":{"rendered":"http:\/\/dgospel.com.br\/portal\/?p=8622"},"modified":"2021-06-07T23:50:48","modified_gmt":"2021-06-08T02:50:48","slug":"acao-de-manejo-e-treinamento-para-combate-de-incendios-e-queimas-ilegais-recebe-suporte-aereo-no-jalapao","status":"publish","type":"post","link":"https:\/\/dgospel.com.br\/portal\/index.php\/2021\/06\/07\/acao-de-manejo-e-treinamento-para-combate-de-incendios-e-queimas-ilegais-recebe-suporte-aereo-no-jalapao\/","title":{"rendered":"A\u00e7\u00e3o de manejo e treinamento para combate de inc\u00eandios e queimas ilegais recebe suporte a\u00e9reo no Jalap\u00e3o"},"content":{"rendered":"\n<p>O Instituto Natureza do Tocantins (Naturatins) e o Centro Integrado de Opera\u00e7\u00f5es A\u00e9reas (Ciopaer) da Secretaria de Seguran\u00e7a P\u00fablica do Estado (SSP-TO) realizaram, nos dias 3 e 4, a\u00e7\u00e3o preventiva e de preparo de equipes para opera\u00e7\u00e3o de manejo e combate aos inc\u00eandios e \u00e0s queimas ilegais na regi\u00e3o do Parque Estadual do Jalap\u00e3o (PEJ).<\/p>\n\n\n\n<p>Al\u00e9m do reconhecimento e do mapeamento das \u00e1reas de pouso para o helic\u00f3ptero, caso seja necess\u00e1rio o combate a inc\u00eandio ou queima ilegal em \u00e1rea de dif\u00edcil acesso, no per\u00edodo cr\u00edtico de estiagem; tamb\u00e9m houve o treinamento dos brigadistas da regi\u00e3o e comunidade local, para a\u00e7\u00f5es do MIF (Manejo Integrado do Fogo), com foco nos protocolos de seguran\u00e7a nas a\u00e7\u00f5es com o uso da aeronave. E houve ainda o monitoramento de \u00e1reas onde j\u00e1 foi realizado o MIF, em anos anteriores.<\/p>\n\n\n\n<p>\u201cA utiliza\u00e7\u00e3o da aeronave foi importante nessa visita \u00e0 regi\u00e3o. Na oportunidade, fiscalizamos a \u00e1rea do Parque a respeito da ca\u00e7a ilegal, nas margens do Rio Novo. Essa era uma demanda das comunidades, que relataram a ocorr\u00eancia e procedemos com a vistoria. Realizamos atividades sociais com as comunidades para tratar das queimas prescritas, de acordo com os objetivos dos comunit\u00e1rios, nos deslocando juntos at\u00e9 as \u00e1reas mais distantes dentro da Unidade de Conserva\u00e7\u00e3o, para que eles pudessem fazer suas queimas, na companhia da brigada\u201d, conta Warley Rodrigues, diretor de Biodiversidade e \u00c1reas Protegidas do Naturatins.<\/p>\n\n\n\n<p>Warley Rodrigues enfatiza que os brigadistas tamb\u00e9m participaram de um treinamento relacionado aos procedimentos de embarque e desembarque da aeronave, com equipamento de combate e manejo. Durante o sobrevoo, foram mapeadas as futuras zonas de pouso, para situa\u00e7\u00f5es de combate a inc\u00eandios, como em cima da Serra do Esp\u00edrito Santo e da Serra do Jalapinha que, segundo o diretor, s\u00e3o locais de dif\u00edcil acesso, onde \u00e9 preciso apoio e suporte aos brigadistas, porque s\u00e3o locais em que n\u00e3o h\u00e1 \u00e1gua.<\/p>\n\n\n\n<p>\u201cA Secretaria da Seguran\u00e7a P\u00fablica, por meio do Ciopaer, vem para contribuir, concretizando essa parceria com o Naturatins, nas atividades de MIF, nos diversos locais de atua\u00e7\u00e3o. Nossa plataforma visa dar celeridade, objetividade e efetividade nas a\u00e7\u00f5es educativas, preventivas e at\u00e9 repressivas, sempre em apoio ao \u00f3rg\u00e3o executor e seus parceiros, no Tocantins. Para tanto, \u00e9 necess\u00e1rio dar continuidade ao planejamento dessas a\u00e7\u00f5es, realizando atividades de treinamento e antecipando rea\u00e7\u00f5es que possam comprometer a execu\u00e7\u00e3o propriamente dita\u201d, pontua o major PM Aldo, comandante do helic\u00f3ptero Ciopaer.<\/p>\n\n\n\n<p>\u201cA gente vem trabalhando o Manejo Integrado do Fogo desde o dia 15 de abril, com a realiza\u00e7\u00e3o de v\u00e1rias queimas prescritas dentro do Parque, nas comunidades quilombolas Carrapato, Boa Esperan\u00e7a e Mumbuca. Neste ano, o nosso foco \u00e9 trabalhar junto com as comunidades e propriet\u00e1rios de terras em \u00e1reas que j\u00e1 s\u00e3o de manejo mesmo, prioridade do Parque, aceiros nas matas, borda de serra, as veredas de capim dourado e assim evitar os grandes inc\u00eandios no per\u00edodo cr\u00edtico entre agosto e setembro\u201d, detalha Reinaldo Tavares de Sousa, supervisor do Parque do Jalap\u00e3o.<\/p>\n\n\n\n<p>Para Reinaldo Tavares, o apoio da equipe do Ciopaer da Secretaria de Seguran\u00e7a P\u00fablica, junto com o Naturatins, foi muito importante para o mapeamento da \u00e1rea e treinamento das equipes, sobretudo permitiu o atendimento de dois comunit\u00e1rios, com suporte do deslocamento a\u00e9reo, para queimas prescritas de \u00e1reas e retorno para as comunidades, uma vez que o transporte \u00e9 r\u00e1pido e eficiente.<\/p>\n\n\n\n<p>O senhor Ad\u00e3o Ribeiro Cunha, da Comunidade Boa Esperan\u00e7a, foi um dos comunit\u00e1rios que acompanhou as equipes do Ciopaer e do Naturatins, para receber suporte dos brigadistas durante a queima prescrita de uma \u00e1rea e embarcou na a\u00e7\u00e3o que teve o apoio da aeronave.<\/p>\n\n\n\n<p>A previs\u00e3o \u00e9 de que as queimas prescritas sob orienta\u00e7\u00e3o do MIF v\u00e3o continuar sendo realizadas semanalmente at\u00e9 o final do m\u00eas, quando ser\u00e1 iniciado o preparo para o combate aos inc\u00eandios e queimas ilegais, entre os meses de julho a setembro, deste ano.<\/p>\n","protected":false},"excerpt":{"rendered":"<p>O Instituto Natureza do Tocantins (Naturatins) e o Centro Integrado de Opera\u00e7\u00f5es A\u00e9reas (Ciopaer) da Secretaria de Seguran\u00e7a P\u00fablica do Estado (SSP-TO) realizaram, nos dias 3 e 4, a\u00e7\u00e3o preventiva e de preparo de equipes para opera\u00e7\u00e3o de manejo e combate aos inc\u00eandios e \u00e0s queimas ilegais na regi\u00e3o do Parque Estadual do Jalap\u00e3o (PEJ). [&hellip;]<\/p>\n","protected":false},"author":2,"featured_media":8623,"comment_status":"open","ping_status":"open","sticky":false,"template":"","format":"standard","meta":[],"categories":[3],"tags":[13],"_links":{"self":[{"href":"https:\/\/dgospel.com.br\/portal\/index.php\/wp-json\/wp\/v2\/posts\/8622"}],"collection":[{"href":"https:\/\/dgospel.com.br\/portal\/index.php\/wp-json\/wp\/v2\/posts"}],"about":[{"href":"https:\/\/dgospel.com.br\/portal\/index.php\/wp-json\/wp\/v2\/types\/post"}],"author":[{"embeddable":true,"href":"https:\/\/dgospel.com.br\/portal\/index.php\/wp-json\/wp\/v2\/users\/2"}],"replies":[{"embeddable":true,"href":"https:\/\/dgospel.com.br\/portal\/index.php\/wp-json\/wp\/v2\/comments?post=8622"}],"version-history":[{"count":1,"href":"https:\/\/dgospel.com.br\/portal\/index.php\/wp-json\/wp\/v2\/posts\/8622\/revisions"}],"predecessor-version":[{"id":8624,"href":"https:\/\/dgospel.com.br\/portal\/index.php\/wp-json\/wp\/v2\/posts\/8622\/revisions\/8624"}],"wp:featuredmedia":[{"embeddable":true,"href":"https:\/\/dgospel.com.br\/portal\/index.php\/wp-json\/wp\/v2\/media\/8623"}],"wp:attachment":[{"href":"https:\/\/dgospel.com.br\/portal\/index.php\/wp-json\/wp\/v2\/media?parent=8622"}],"wp:term":[{"taxonomy":"category","embeddable":true,"href":"https:\/\/dgospel.com.br\/portal\/index.php\/wp-json\/wp\/v2\/categories?post=8622"},{"taxonomy":"post_tag","embeddable":true,"href":"https:\/\/dgospel.com.br\/portal\/index.php\/wp-json\/wp\/v2\/tags?post=8622"}],"curies":[{"name":"wp","href":"https:\/\/api.w.org\/{rel}","templated":true}]}}