{"id":8628,"date":"2021-06-09T10:18:06","date_gmt":"2021-06-09T13:18:06","guid":{"rendered":"http:\/\/dgospel.com.br\/portal\/?p=8628"},"modified":"2021-06-09T10:18:08","modified_gmt":"2021-06-09T13:18:08","slug":"ao-stf-governo-nega-ter-sido-irresponsavel-na-pandemia","status":"publish","type":"post","link":"https:\/\/dgospel.com.br\/portal\/index.php\/2021\/06\/09\/ao-stf-governo-nega-ter-sido-irresponsavel-na-pandemia\/","title":{"rendered":"Ao STF, governo nega ter sido \u2018irrespons\u00e1vel\u2019 na pandemia"},"content":{"rendered":"\n<p>\n\nAp\u00f3s requisi\u00e7\u00e3o do ministro Edson Fachin, do Supremo Tribunal Federal (STF), o governo federal enviou documento negando que o Pal\u00e1cio do Planalto tenha sido \u2018irrespons\u00e1vel\u2019 ao promover atos pol\u00edticos com apoiadores durante a pandemia.\n\n<\/p>\n\n\n\n<figure class=\"wp-block-image\"><img src=\"https:\/\/static.cdn.pleno.news\/2021\/06\/51219025658_1f8ee1e268_c.jpg\" alt=\"\" class=\"wp-image-738041\"\/><figcaption>Presidente Jair Bolsonaro se defendeu de acusa\u00e7\u00f5es no STF&nbsp;Foto: PR\/Alan Santos<\/figcaption><\/figure>\n\n\n\n<p> O ministro havia dado cinco dias para que o governo se manifestasse em uma a\u00e7\u00e3o movida pelo PSDB para obrigar Bolsonaro a seguir as recomenda\u00e7\u00f5es sobre uso de m\u00e1scara e distanciamento social. O partido afirma que o presidente age \u2018em flagrante desvio de finalidade\u2019 ao descumprir orienta\u00e7\u00f5es da pr\u00f3pria administra\u00e7\u00e3o p\u00fablica federal, como o Minist\u00e9rio da Sa\u00fade e a Anvisa. <\/p>\n\n\n\n<p>Em 15 p\u00e1ginas, o governo diz ter adotado \u2018diversas a\u00e7\u00f5es\u2019 para enfrentamento da Covid-19 e defende ser \u2018dispens\u00e1vel\u2019 qualquer ordem judicial que se sobreponha aos decretos vigentes.<\/p>\n\n\n\n<p>\u2013 A ado\u00e7\u00e3o de medidas pelo Governo Federal, capitaneadas pelo Chefe do Poder Executivo Federal, t\u00eam por escopo combater o novo coronav\u00edrus, o que, por si s\u00f3, afasta a alega\u00e7\u00e3o de irresponsabilidade imputada ao Presidente da Rep\u00fablica quanto \u00e0 observ\u00e2ncia de medidas necess\u00e1rias ao enfrentamento da pandemia \u2013 diz um trecho do documento.<\/p>\n\n\n\n<p>*Estad\u00e3o<\/p>\n","protected":false},"excerpt":{"rendered":"<p>Ap\u00f3s requisi\u00e7\u00e3o do ministro Edson Fachin, do Supremo Tribunal Federal (STF), o governo federal enviou documento negando que o Pal\u00e1cio do Planalto tenha sido \u2018irrespons\u00e1vel\u2019 ao promover atos pol\u00edticos com apoiadores durante a pandemia. O ministro havia dado cinco dias para que o governo se manifestasse em uma a\u00e7\u00e3o movida pelo PSDB para obrigar Bolsonaro [&hellip;]<\/p>\n","protected":false},"author":2,"featured_media":8629,"comment_status":"open","ping_status":"open","sticky":false,"template":"","format":"standard","meta":[],"categories":[4],"tags":[14],"_links":{"self":[{"href":"https:\/\/dgospel.com.br\/portal\/index.php\/wp-json\/wp\/v2\/posts\/8628"}],"collection":[{"href":"https:\/\/dgospel.com.br\/portal\/index.php\/wp-json\/wp\/v2\/posts"}],"about":[{"href":"https:\/\/dgospel.com.br\/portal\/index.php\/wp-json\/wp\/v2\/types\/post"}],"author":[{"embeddable":true,"href":"https:\/\/dgospel.com.br\/portal\/index.php\/wp-json\/wp\/v2\/users\/2"}],"replies":[{"embeddable":true,"href":"https:\/\/dgospel.com.br\/portal\/index.php\/wp-json\/wp\/v2\/comments?post=8628"}],"version-history":[{"count":1,"href":"https:\/\/dgospel.com.br\/portal\/index.php\/wp-json\/wp\/v2\/posts\/8628\/revisions"}],"predecessor-version":[{"id":8630,"href":"https:\/\/dgospel.com.br\/portal\/index.php\/wp-json\/wp\/v2\/posts\/8628\/revisions\/8630"}],"wp:featuredmedia":[{"embeddable":true,"href":"https:\/\/dgospel.com.br\/portal\/index.php\/wp-json\/wp\/v2\/media\/8629"}],"wp:attachment":[{"href":"https:\/\/dgospel.com.br\/portal\/index.php\/wp-json\/wp\/v2\/media?parent=8628"}],"wp:term":[{"taxonomy":"category","embeddable":true,"href":"https:\/\/dgospel.com.br\/portal\/index.php\/wp-json\/wp\/v2\/categories?post=8628"},{"taxonomy":"post_tag","embeddable":true,"href":"https:\/\/dgospel.com.br\/portal\/index.php\/wp-json\/wp\/v2\/tags?post=8628"}],"curies":[{"name":"wp","href":"https:\/\/api.w.org\/{rel}","templated":true}]}}