{"id":8631,"date":"2021-06-09T10:34:25","date_gmt":"2021-06-09T13:34:25","guid":{"rendered":"http:\/\/dgospel.com.br\/portal\/?p=8631"},"modified":"2021-06-28T13:07:16","modified_gmt":"2021-06-28T16:07:16","slug":"governador-carlesse-determina-agilidade-na-implantacao-de-mais-leitos-para-tratamento-da-covid-19-em-gurupi-e-paraiso","status":"publish","type":"post","link":"https:\/\/dgospel.com.br\/portal\/index.php\/2021\/06\/09\/governador-carlesse-determina-agilidade-na-implantacao-de-mais-leitos-para-tratamento-da-covid-19-em-gurupi-e-paraiso\/","title":{"rendered":"Vereador Rubens Uch\u00f4a prop\u00f5e retorno de m\u00fasicos \u00e0s atividades em Palmas"},"content":{"rendered":"\n<p>Desde o in\u00edcio da pandemia do novo coronav\u00edrus, os m\u00fasicos\natuantes em diferentes cenas e \u00e1reas da profiss\u00e3o sentiram demasiadamente a\nnova condi\u00e7\u00e3o de vida e trabalho. Casas de shows, igrejas e bares fecharam,\nest\u00fadios de grava\u00e7\u00e3o tem fechado suas portas ou procurado alternativas como a\nprodu\u00e7\u00e3o de lives ao vivo atrav\u00e9s do YouTube remuneradas.<\/p>\n\n\n\n<p>O\nvereador e vice-presidente da C\u00e2mara Municipal de Palmas, Rubens Uch\u00f4a\n(CIDADANIA), apresentou durante sess\u00e3o desta ter\u00e7a-feira, 8, um requerimento\nque pede a volta dos m\u00fasicos dentro de todos os protocolos e hor\u00e1rio a ser\nseguido conforme determina\u00e7\u00e3o que a prefeitura decretou. No plen\u00e1rio o\nrequerimento foi aprovado.<\/p>\n\n\n\n<p>Em\nsua justificativa o parlamentar disse: \u201cConsiderando o grande per\u00edodo em que os\nm\u00fasicos estiveram sem exercer sua profiss\u00e3o por conta da necessidade de\nisolamento e distanciamento social imposta pela pandemia e que a classe utiliza\na m\u00fasica como forma de sustento da fam\u00edlia, solicito a inclus\u00e3o dos m\u00fasicos no\nprocesso de retorno \u00e0s atividades de trabalho, sempre deixando clara a\nnecessidade de cumprimento aos protocolos de preven\u00e7\u00e3o \u00e0 Covid-19\u201d.<\/p>\n\n\n\n<p>O requerimento apresentado pelo vereador foi aprovado e muito\ndebatido em discuss\u00e3o no plen\u00e1rio, onde todos os parlamentares que estavam\npresentes parabenizaram Rubens Uch\u00f4a pelo o apoio \u00e0 causa dos m\u00fasicos.<\/p>\n","protected":false},"excerpt":{"rendered":"<p>Desde o in\u00edcio da pandemia do novo coronav\u00edrus, os m\u00fasicos atuantes em diferentes cenas e \u00e1reas da profiss\u00e3o sentiram demasiadamente a nova condi\u00e7\u00e3o de vida e trabalho. Casas de shows, igrejas e bares fecharam, est\u00fadios de grava\u00e7\u00e3o tem fechado suas portas ou procurado alternativas como a produ\u00e7\u00e3o de lives ao vivo atrav\u00e9s do YouTube remuneradas. [&hellip;]<\/p>\n","protected":false},"author":2,"featured_media":8760,"comment_status":"open","ping_status":"open","sticky":false,"template":"","format":"standard","meta":[],"categories":[3],"tags":[13],"_links":{"self":[{"href":"https:\/\/dgospel.com.br\/portal\/index.php\/wp-json\/wp\/v2\/posts\/8631"}],"collection":[{"href":"https:\/\/dgospel.com.br\/portal\/index.php\/wp-json\/wp\/v2\/posts"}],"about":[{"href":"https:\/\/dgospel.com.br\/portal\/index.php\/wp-json\/wp\/v2\/types\/post"}],"author":[{"embeddable":true,"href":"https:\/\/dgospel.com.br\/portal\/index.php\/wp-json\/wp\/v2\/users\/2"}],"replies":[{"embeddable":true,"href":"https:\/\/dgospel.com.br\/portal\/index.php\/wp-json\/wp\/v2\/comments?post=8631"}],"version-history":[{"count":2,"href":"https:\/\/dgospel.com.br\/portal\/index.php\/wp-json\/wp\/v2\/posts\/8631\/revisions"}],"predecessor-version":[{"id":8761,"href":"https:\/\/dgospel.com.br\/portal\/index.php\/wp-json\/wp\/v2\/posts\/8631\/revisions\/8761"}],"wp:featuredmedia":[{"embeddable":true,"href":"https:\/\/dgospel.com.br\/portal\/index.php\/wp-json\/wp\/v2\/media\/8760"}],"wp:attachment":[{"href":"https:\/\/dgospel.com.br\/portal\/index.php\/wp-json\/wp\/v2\/media?parent=8631"}],"wp:term":[{"taxonomy":"category","embeddable":true,"href":"https:\/\/dgospel.com.br\/portal\/index.php\/wp-json\/wp\/v2\/categories?post=8631"},{"taxonomy":"post_tag","embeddable":true,"href":"https:\/\/dgospel.com.br\/portal\/index.php\/wp-json\/wp\/v2\/tags?post=8631"}],"curies":[{"name":"wp","href":"https:\/\/api.w.org\/{rel}","templated":true}]}}