{"id":8637,"date":"2021-06-10T16:21:51","date_gmt":"2021-06-10T19:21:51","guid":{"rendered":"http:\/\/dgospel.com.br\/portal\/?p=8637"},"modified":"2021-06-11T09:09:16","modified_gmt":"2021-06-11T12:09:16","slug":"deputado-eli-borges-propoe-inclusao-da-cultura-gospel-entre-as-beneficiarias-da-lei-aldir-blanc","status":"publish","type":"post","link":"https:\/\/dgospel.com.br\/portal\/index.php\/2021\/06\/10\/deputado-eli-borges-propoe-inclusao-da-cultura-gospel-entre-as-beneficiarias-da-lei-aldir-blanc\/","title":{"rendered":"Deputado Eli Borges prop\u00f5e inclus\u00e3o da cultura gospel entre as benefici\u00e1rias da Lei Aldir Blanc"},"content":{"rendered":"\n<p>O Projeto\nde Lei 1577\/21 inclui a cultura gospel entre aquelas que podem se beneficiar\ndas medidas previstas na <a href=\"https:\/\/www2.camara.gov.br\/legin\/fed\/lei\/2020\/lei-14017-29-junho-2020-790359-norma-pl.html\">Lei Aldir\nBlanc<\/a>, que\ntrata de a\u00e7\u00f5es emergenciais em favor das artes e da cultura em raz\u00e3o da\npandemia causada pelo novo coronav\u00edrus. O texto est\u00e1 em an\u00e1lise na C\u00e2mara dos\nDeputados.<\/p>\n\n\n\n<p>\u201cJ\u00e1 indiscutivelmente reconhecidas e consolidadas no Pa\u00eds, as manifesta\u00e7\u00f5es culturais de m\u00fasicas compostas e produzidas para expressar a f\u00e9 e a cren\u00e7a comunit\u00e1ria crist\u00e3 ainda carecem de reconhecimento legal\u201d, disse o autor da proposta, deputado  Eli Borges (Solidariedade-TO).<\/p>\n\n\n\n<p><strong>Tramita\u00e7\u00e3o<\/strong><br>\nO projeto tramita em car\u00e1ter conclusivo e ser\u00e1 analisado pelas comiss\u00f5es de\nCultura e de Constitui\u00e7\u00e3o e Justi\u00e7a e de Cidadania.<\/p>\n\n\n\n<p><strong>Entrevista <\/strong><\/p>\n\n\n\n<p>Em entrevista exclusiva ao Programa Palavra Aberta da TV C\u00e2mara nesta quarta-feira (9) o deputado Eli Borges fala sobre a import\u00e2ncia de inclui a Cultura Gospel entre aquelas que podem se beneficiar das medidas previstas na Lei Aldir Blanc.<\/p>\n\n\n\n<p><strong>Confira a entrevista <\/strong><\/p>\n\n\n\n<figure class=\"wp-block-embed-youtube wp-block-embed is-type-video is-provider-youtube wp-embed-aspect-16-9 wp-has-aspect-ratio\"><div class=\"wp-block-embed__wrapper\">\n<iframe loading=\"lazy\" title=\"06 10   Eli Borges   Cultura Gospel na Lei Aldir Blanc v2 LOGO\" width=\"630\" height=\"354\" src=\"https:\/\/www.youtube.com\/embed\/555yw7M8Lmk?feature=oembed\" frameborder=\"0\" allow=\"accelerometer; autoplay; clipboard-write; encrypted-media; gyroscope; picture-in-picture\" allowfullscreen><\/iframe>\n<\/div><\/figure>\n\n\n\n<p><\/p>\n","protected":false},"excerpt":{"rendered":"<p>O Projeto de Lei 1577\/21 inclui a cultura gospel entre aquelas que podem se beneficiar das medidas previstas na Lei Aldir Blanc, que trata de a\u00e7\u00f5es emergenciais em favor das artes e da cultura em raz\u00e3o da pandemia causada pelo novo coronav\u00edrus. O texto est\u00e1 em an\u00e1lise na C\u00e2mara dos Deputados. \u201cJ\u00e1 indiscutivelmente reconhecidas e [&hellip;]<\/p>\n","protected":false},"author":2,"featured_media":8638,"comment_status":"open","ping_status":"open","sticky":false,"template":"","format":"standard","meta":[],"categories":[8,4],"tags":[],"_links":{"self":[{"href":"https:\/\/dgospel.com.br\/portal\/index.php\/wp-json\/wp\/v2\/posts\/8637"}],"collection":[{"href":"https:\/\/dgospel.com.br\/portal\/index.php\/wp-json\/wp\/v2\/posts"}],"about":[{"href":"https:\/\/dgospel.com.br\/portal\/index.php\/wp-json\/wp\/v2\/types\/post"}],"author":[{"embeddable":true,"href":"https:\/\/dgospel.com.br\/portal\/index.php\/wp-json\/wp\/v2\/users\/2"}],"replies":[{"embeddable":true,"href":"https:\/\/dgospel.com.br\/portal\/index.php\/wp-json\/wp\/v2\/comments?post=8637"}],"version-history":[{"count":3,"href":"https:\/\/dgospel.com.br\/portal\/index.php\/wp-json\/wp\/v2\/posts\/8637\/revisions"}],"predecessor-version":[{"id":8646,"href":"https:\/\/dgospel.com.br\/portal\/index.php\/wp-json\/wp\/v2\/posts\/8637\/revisions\/8646"}],"wp:featuredmedia":[{"embeddable":true,"href":"https:\/\/dgospel.com.br\/portal\/index.php\/wp-json\/wp\/v2\/media\/8638"}],"wp:attachment":[{"href":"https:\/\/dgospel.com.br\/portal\/index.php\/wp-json\/wp\/v2\/media?parent=8637"}],"wp:term":[{"taxonomy":"category","embeddable":true,"href":"https:\/\/dgospel.com.br\/portal\/index.php\/wp-json\/wp\/v2\/categories?post=8637"},{"taxonomy":"post_tag","embeddable":true,"href":"https:\/\/dgospel.com.br\/portal\/index.php\/wp-json\/wp\/v2\/tags?post=8637"}],"curies":[{"name":"wp","href":"https:\/\/api.w.org\/{rel}","templated":true}]}}