{"id":8647,"date":"2021-06-11T10:46:05","date_gmt":"2021-06-11T13:46:05","guid":{"rendered":"http:\/\/dgospel.com.br\/portal\/?p=8647"},"modified":"2021-06-11T10:46:07","modified_gmt":"2021-06-11T13:46:07","slug":"internada-ha-5-meses-amanda-wanessa-retira-traqueostomia","status":"publish","type":"post","link":"https:\/\/dgospel.com.br\/portal\/index.php\/2021\/06\/11\/internada-ha-5-meses-amanda-wanessa-retira-traqueostomia\/","title":{"rendered":"Internada h\u00e1 5 meses, Amanda Wanessa retira traqueostomia"},"content":{"rendered":"\n<p>Hospitalizada h\u00e1 mais de cinco meses ap\u00f3s sofrer um grave acidente de carro na estrada PE-60, em Barreiros (PE), a cantora&nbsp;<a href=\"https:\/\/pleno.news\/tag\/amanda-wanessa\" target=\"_blank\" rel=\"noreferrer noopener\">Amanda Wanessa<\/a>&nbsp;iniciou, na quinta-feira (10), uma nova fase de sua recupera\u00e7\u00e3o. De acordo com o marido da cantora, Dobson Santos, Amanda passou pelo procedimento de retirada da traqueostomia e intensificou a fisioterapia e o tratamento fonoaudiol\u00f3gico.<\/p>\n\n\n\n<p>\u2013 Seguimos perseverantes e confiantes na vontade de Deus, pois n\u00e3o temos nenhuma d\u00favida de que tudo coopera para o bem dos que amam a Deus. Nossa querida Amanda Wanessa intensificou a fisioterapia e o tratamento fonoaudiol\u00f3gico, ontem (quinta-feira, 10) mais uma vit\u00f3ria, foi feito o procedimento de retirada da traqueostomia \u2013 relatou.<\/p>\n\n\n\n<figure class=\"wp-block-image\"><img src=\"https:\/\/static.cdn.pleno.news\/2021\/06\/Publica%C3%A7%C3%A3o-da-fam%C3%ADlia-trouxe-novidades-sobre-estado-de-Amanda-Wanessa.jpg\" alt=\"\" class=\"wp-image-739669\"\/><\/figure>\n\n\n\n<p>Nas redes sociais, a fam\u00edlia compartilhou uma foto de Dobson e da filha do casal, Mel, de 7 anos, ao lado de Amanda no Real Hospital Portugu\u00eas, no Recife. Mel foi uma das v\u00edtimas do acidente automobil\u00edstico, e acabou quebrando o bra\u00e7o esquerdo e a perna direita em raz\u00e3o da colis\u00e3o.<\/p>\n\n\n\n<p>Amanda Wanessa sofreu um grave acidente de carro no dia 4 de janeiro. Al\u00e9m da cantora e da filha Mel, tamb\u00e9m estavam no ve\u00edculo seu pai Odilon, e uma amiga, a tamb\u00e9m cantora Juciara Pimentel. Os tr\u00eas j\u00e1 se recuperaram.<\/p>\n","protected":false},"excerpt":{"rendered":"<p>Hospitalizada h\u00e1 mais de cinco meses ap\u00f3s sofrer um grave acidente de carro na estrada PE-60, em Barreiros (PE), a cantora&nbsp;Amanda Wanessa&nbsp;iniciou, na quinta-feira (10), uma nova fase de sua recupera\u00e7\u00e3o. De acordo com o marido da cantora, Dobson Santos, Amanda passou pelo procedimento de retirada da traqueostomia e intensificou a fisioterapia e o tratamento [&hellip;]<\/p>\n","protected":false},"author":2,"featured_media":8648,"comment_status":"open","ping_status":"open","sticky":false,"template":"","format":"standard","meta":[],"categories":[17,5],"tags":[],"_links":{"self":[{"href":"https:\/\/dgospel.com.br\/portal\/index.php\/wp-json\/wp\/v2\/posts\/8647"}],"collection":[{"href":"https:\/\/dgospel.com.br\/portal\/index.php\/wp-json\/wp\/v2\/posts"}],"about":[{"href":"https:\/\/dgospel.com.br\/portal\/index.php\/wp-json\/wp\/v2\/types\/post"}],"author":[{"embeddable":true,"href":"https:\/\/dgospel.com.br\/portal\/index.php\/wp-json\/wp\/v2\/users\/2"}],"replies":[{"embeddable":true,"href":"https:\/\/dgospel.com.br\/portal\/index.php\/wp-json\/wp\/v2\/comments?post=8647"}],"version-history":[{"count":1,"href":"https:\/\/dgospel.com.br\/portal\/index.php\/wp-json\/wp\/v2\/posts\/8647\/revisions"}],"predecessor-version":[{"id":8649,"href":"https:\/\/dgospel.com.br\/portal\/index.php\/wp-json\/wp\/v2\/posts\/8647\/revisions\/8649"}],"wp:featuredmedia":[{"embeddable":true,"href":"https:\/\/dgospel.com.br\/portal\/index.php\/wp-json\/wp\/v2\/media\/8648"}],"wp:attachment":[{"href":"https:\/\/dgospel.com.br\/portal\/index.php\/wp-json\/wp\/v2\/media?parent=8647"}],"wp:term":[{"taxonomy":"category","embeddable":true,"href":"https:\/\/dgospel.com.br\/portal\/index.php\/wp-json\/wp\/v2\/categories?post=8647"},{"taxonomy":"post_tag","embeddable":true,"href":"https:\/\/dgospel.com.br\/portal\/index.php\/wp-json\/wp\/v2\/tags?post=8647"}],"curies":[{"name":"wp","href":"https:\/\/api.w.org\/{rel}","templated":true}]}}