{"id":865,"date":"2018-07-30T23:52:28","date_gmt":"2018-07-31T02:52:28","guid":{"rendered":"http:\/\/dgospel.com.br\/portal\/?p=865"},"modified":"2018-07-30T23:52:28","modified_gmt":"2018-07-31T02:52:28","slug":"quem-fizer-ligacoes-com-trote-para-o-samu-e-orgaos-de-seguranca-sera-multado","status":"publish","type":"post","link":"https:\/\/dgospel.com.br\/portal\/index.php\/2018\/07\/30\/quem-fizer-ligacoes-com-trote-para-o-samu-e-orgaos-de-seguranca-sera-multado\/","title":{"rendered":"Quem fizer liga\u00e7\u00f5es com trote para o Samu e \u00f3rg\u00e3os de seguran\u00e7a ser\u00e1 multado"},"content":{"rendered":"<p class=\"yiv3343505697MsoNormal\">O Servi\u00e7o de Atendimento M\u00f3vel de Urg\u00eancia (Samu) de Palmas registrou em 2018 at\u00e9 este m\u00eas de julho, mais de 1.400 liga\u00e7\u00f5es com trotes ao servi\u00e7o da unidade, o que corresponde a 16% das ocorr\u00eancias atendidas na Central de atendimento. Com a nova lei sancionada pelo Governo do Estado, publicada no Di\u00e1rio Oficial da \u00faltima sexta-feira, 27, a pessoa que cometer este crime ser\u00e1 multada em at\u00e9 dois sal\u00e1rios m\u00ednimos. A infra\u00e7\u00e3o \u00e9 v\u00e1lida para trotes no Sistema Integrado de Opera\u00e7\u00f5es (Siop), que \u00e9 composto pela Pol\u00edcia Militar, Corpo de Bombeiros, Guarda Metropolitana e Samu. O trote atrapalha o trabalho dos servi\u00e7os de emerg\u00eancia. A lei entra em vigor num prazo de 90 dias.<\/p>\n<p class=\"yiv3343505697MsoNormal\">De acordo com informa\u00e7\u00f5es do Estado, o objetivo \u00e9 inibir a pr\u00e1tica que atrapalha os servi\u00e7os de socorro e seguran\u00e7a. A norma se aplica aos assinantes ou respons\u00e1veis pela linha telef\u00f4nica que acionar os servi\u00e7os de emerg\u00eancia de forma indevida, com m\u00e1-f\u00e9, que n\u00e3o tenha como objetivo o atendimento solicitado ou a situa\u00e7\u00e3o real do que for informado.<\/p>\n<p class=\"yiv3343505697MsoNormal\">O diretor administrativo do Samu de Palmas, Marcos Moreira, ressalta que a unidade recebe liga\u00e7\u00f5es durante o dia todo, s\u00e3o cidad\u00e3os pedindo ajuda para v\u00edtimas de acidentes, afogamentos ou que est\u00e3o passando mal. A ocorr\u00eancia passa pela equipe de triagem e em poucos minutos a ambul\u00e2ncia sai para prestar atendimento. O grande problema \u00e9 quando as informa\u00e7\u00f5es s\u00e3o falsas. &#8220;Hoje em dia, grande parte das pessoas t\u00eam celulares, inclusive as crian\u00e7as, que ligam, ocupam uma linha e em boa parte dos casos, passam informa\u00e7\u00f5es inver\u00eddicas\u201d, conta, alertando os pais que \u00e9 preciso ter esse cuidado com as crian\u00e7as que usam esse n\u00famero para uma brincadeira, mas podem estar atrapalhando o salvamento de algu\u00e9m.<\/p>\n<p class=\"yiv3343505697MsoNormal\">O m\u00e9dico e diretor t\u00e9cnico do Samu, Luciano Lopes, explica que, ao ocupar uma linha de emerg\u00eancia, a pessoa que realiza trote impossibilita o socorro de algu\u00e9m que realmente precisa de ajuda, tamb\u00e9m gera gastos desnecess\u00e1rios. Este \u00e9 apenas um dos preju\u00edzos causados pelos trotes aos n\u00fameros de emerg\u00eancia da rede municipal de sa\u00fade. \u201cO Samu \u00e9 um servi\u00e7o de refer\u00eancia pr\u00e9-hospitalar que visa conectar as v\u00edtimas aos recursos que elas necessitam com a maior brevidade poss\u00edvel. \u00c9 importante a conscientiza\u00e7\u00e3o de que qualquer pessoa pode precisar do servi\u00e7o e que este, salva-vidas\u201d, observa o socorrista.<\/p>\n<p class=\"yiv3343505697MsoNormal\"><b>A Lei<\/b><\/p>\n<p class=\"yiv3343505697MsoNormal\">Segundo estabelece a lei, quando o propriet\u00e1rio da linha telef\u00f4nica ou o respons\u00e1vel pela liga\u00e7\u00e3o for identificado, ser\u00e1 enviado relat\u00f3rio ao \u00f3rg\u00e3o estadual competente, que far\u00e1 o auto de infra\u00e7\u00e3o e encaminhar\u00e1 a multa ao endere\u00e7o da pessoa.<\/p>\n<p class=\"yiv3343505697MsoNormal\">O respons\u00e1vel ter\u00e1 um prazo de 30 dias para apresentar defesa por escrito ao \u00f3rg\u00e3o competente, que poder\u00e1 cancelar a multa a depender da situa\u00e7\u00e3o.<\/p>\n<p class=\"yiv3343505697MsoNormal\">A pr\u00e1tica j\u00e1 \u00e9 prevista no C\u00f3digo Penal, que estabelece pena de deten\u00e7\u00e3o de um a seis meses ou multa para quem interrompe ou perturba o servi\u00e7o telef\u00f4nico.<\/p>\n","protected":false},"excerpt":{"rendered":"<p>O Servi\u00e7o de Atendimento M\u00f3vel de Urg\u00eancia (Samu) de Palmas registrou em 2018 at\u00e9 este m\u00eas de julho, mais de 1.400 liga\u00e7\u00f5es com trotes ao servi\u00e7o da unidade, o que corresponde a 16% das ocorr\u00eancias atendidas na Central de atendimento. Com a nova lei sancionada pelo Governo do Estado, publicada no Di\u00e1rio Oficial da \u00faltima [&hellip;]<\/p>\n","protected":false},"author":2,"featured_media":866,"comment_status":"open","ping_status":"open","sticky":false,"template":"","format":"standard","meta":[],"categories":[2,3],"tags":[],"_links":{"self":[{"href":"https:\/\/dgospel.com.br\/portal\/index.php\/wp-json\/wp\/v2\/posts\/865"}],"collection":[{"href":"https:\/\/dgospel.com.br\/portal\/index.php\/wp-json\/wp\/v2\/posts"}],"about":[{"href":"https:\/\/dgospel.com.br\/portal\/index.php\/wp-json\/wp\/v2\/types\/post"}],"author":[{"embeddable":true,"href":"https:\/\/dgospel.com.br\/portal\/index.php\/wp-json\/wp\/v2\/users\/2"}],"replies":[{"embeddable":true,"href":"https:\/\/dgospel.com.br\/portal\/index.php\/wp-json\/wp\/v2\/comments?post=865"}],"version-history":[{"count":1,"href":"https:\/\/dgospel.com.br\/portal\/index.php\/wp-json\/wp\/v2\/posts\/865\/revisions"}],"predecessor-version":[{"id":867,"href":"https:\/\/dgospel.com.br\/portal\/index.php\/wp-json\/wp\/v2\/posts\/865\/revisions\/867"}],"wp:featuredmedia":[{"embeddable":true,"href":"https:\/\/dgospel.com.br\/portal\/index.php\/wp-json\/wp\/v2\/media\/866"}],"wp:attachment":[{"href":"https:\/\/dgospel.com.br\/portal\/index.php\/wp-json\/wp\/v2\/media?parent=865"}],"wp:term":[{"taxonomy":"category","embeddable":true,"href":"https:\/\/dgospel.com.br\/portal\/index.php\/wp-json\/wp\/v2\/categories?post=865"},{"taxonomy":"post_tag","embeddable":true,"href":"https:\/\/dgospel.com.br\/portal\/index.php\/wp-json\/wp\/v2\/tags?post=865"}],"curies":[{"name":"wp","href":"https:\/\/api.w.org\/{rel}","templated":true}]}}