{"id":8650,"date":"2021-06-11T10:55:09","date_gmt":"2021-06-11T13:55:09","guid":{"rendered":"http:\/\/dgospel.com.br\/portal\/?p=8650"},"modified":"2021-06-11T10:55:11","modified_gmt":"2021-06-11T13:55:11","slug":"bolsonaro-governo-joga-nas-quatro-linhas-da-constituicao","status":"publish","type":"post","link":"https:\/\/dgospel.com.br\/portal\/index.php\/2021\/06\/11\/bolsonaro-governo-joga-nas-quatro-linhas-da-constituicao\/","title":{"rendered":"Bolsonaro: Governo \u201cjoga nas quatro linhas\u201d da Constitui\u00e7\u00e3o"},"content":{"rendered":"\n<p> O presidente Jair Bolsonaro disse nesta quinta-feira (10) que o governo \u201cjoga dentro das quatro linhas\u201d da Constitui\u00e7\u00e3o Federal. <\/p>\n\n\n\n<p>\n\n\u2013 Temos um governo que joga estritamente dentro das quatro linhas da nossa Constitui\u00e7\u00e3o. Isso \u00e9 sinal de paz, harmonia e progresso para todos \u2013 afirmou Bolsonaro durante cerim\u00f4nia de comemora\u00e7\u00e3o aos 22 anos do Minist\u00e9rio da Defesa.\n\n<\/p>\n\n\n\n<figure class=\"wp-block-image\"><img src=\"https:\/\/static.cdn.pleno.news\/2021\/06\/002_9.jpg\" alt=\"Presidente Jair Bolsonaro participou, nesta quinta-feira (10), da cerim\u00f4nia em comemora\u00e7\u00e3o ao 22\u00b0 anivers\u00e1rio de cria\u00e7\u00e3o do Minist\u00e9rio da Defesa e Imposi\u00e7\u00e3o da Ordem do M\u00e9rito da Defesa.\" class=\"wp-image-739358\"\/><figcaption>Presidente Jair Bolsonaro em cerim\u00f4nia em comemora\u00e7\u00e3o ao 22\u00b0 anivers\u00e1rio de cria\u00e7\u00e3o do Minist\u00e9rio da Defesa e Imposi\u00e7\u00e3o da Ordem do M\u00e9rito da Defesa&nbsp;Foto: Marcos Corr\u00eaa\/PR<\/figcaption><\/figure>\n\n\n\n<p>Na ocasi\u00e3o, houve a entrega de medalhas da Ordem do M\u00e9rito da Defesa a ministros, parlamentares e outras autoridades.<\/p>\n\n\n\n<p>Durante o discurso, Bolsonaro lembrou a concep\u00e7\u00e3o da pasta, em 1999, com a aprova\u00e7\u00e3o de uma proposta de emenda \u00e0 Constitui\u00e7\u00e3o. De acordo com o presidente, que disse ter votado contra a cria\u00e7\u00e3o do Minist\u00e9rio da Defesa, a iniciativa se deu muito mais por imposi\u00e7\u00e3o pol\u00edtica do que por \u201cnecessidade militar\u201d.<\/p>\n\n\n\n<p>\u2013 Ela veio muito mais por uma imposi\u00e7\u00e3o pol\u00edtica do que uma necessidade militar, mas, mesmo assim, ela foi aprovada sem muita discuss\u00e3o \u2013 afirmou.<\/p>\n\n\n\n<p>Bolsonaro criticou a presen\u00e7a de civis no comando da pasta, ocorrida em outros governos, ao afirmar que \u201cfilia\u00e7\u00f5es pol\u00edtico-partid\u00e1rias ocuparam a frente do minist\u00e9rio da Defesa\u201d.<\/p>\n\n\n\n<p>O presidente lembrou que o retorno dos militares ao comando da Defesa teve in\u00edcio com o governo do ent\u00e3o presidente Michel Temer, que foi respons\u00e1vel por colocar \u00e0 frente do minist\u00e9rio o general Silva e Luna.<\/p>\n\n\n\n<p>\u2013 E, realmente, esse amadurecimento come\u00e7ou a se acelerar. Chegou o nosso governo, coloquei o general Fernando Azevedo e, agora, o general Braga Netto \u00e0 frente da Defesa \u2013 disse.<\/p>\n\n\n\n<p><strong>DEFESA DA NA\u00c7\u00c3O<\/strong><br>O ministro da Defesa, Braga Netto, disse que, ao longo da exist\u00eancia da pasta, o minist\u00e9rio presenciou altera\u00e7\u00f5es no cen\u00e1rio internacional e no \u201centorno estrat\u00e9gico\u201d do pa\u00eds.<\/p>\n\n\n\n<p>\u2013 A defesa da na\u00e7\u00e3o exige o estabelecimento de pol\u00edticas, estrat\u00e9gias, projetos, planos e a\u00e7\u00f5es alinhadas e integradas que permitam garantir a presen\u00e7a e a dissuas\u00e3o para se contrapor \u00e0 cobi\u00e7a externa \u2013 discursou.<\/p>\n\n\n\n<p>Braga Netto disse ainda que a pandemia de Covid-19 exige uni\u00e3o de esfor\u00e7os, e n\u00e3o \u201cciz\u00e2nias\u201d.<\/p>\n\n\n\n<p>\u2013 A Defesa e as For\u00e7as Armadas est\u00e3o coesas e disciplinadas na preserva\u00e7\u00e3o dos mais caros valores nacionais, no prop\u00f3sito de atuarem como vetores de estabilidade institucional, para garantir a soberania e a manuten\u00e7\u00e3o da paz e da liberdade da popula\u00e7\u00e3o brasileira \u2013 disse o ministro.<\/p>\n\n\n\n<p>Tamb\u00e9m estiveram presentes na cerim\u00f4nia os presidentes da C\u00e2mara dos Deputados, Arthur Lira (PP-AL), do Senado, Rodrigo Pacheco (DEM-MG), al\u00e9m de ministros de Estado.<\/p>\n\n\n\n<p>*Ag\u00eancia Brasil<\/p>\n","protected":false},"excerpt":{"rendered":"<p>O presidente Jair Bolsonaro disse nesta quinta-feira (10) que o governo \u201cjoga dentro das quatro linhas\u201d da Constitui\u00e7\u00e3o Federal. \u2013 Temos um governo que joga estritamente dentro das quatro linhas da nossa Constitui\u00e7\u00e3o. Isso \u00e9 sinal de paz, harmonia e progresso para todos \u2013 afirmou Bolsonaro durante cerim\u00f4nia de comemora\u00e7\u00e3o aos 22 anos do Minist\u00e9rio [&hellip;]<\/p>\n","protected":false},"author":2,"featured_media":8651,"comment_status":"open","ping_status":"open","sticky":false,"template":"","format":"standard","meta":[],"categories":[4],"tags":[13,14],"_links":{"self":[{"href":"https:\/\/dgospel.com.br\/portal\/index.php\/wp-json\/wp\/v2\/posts\/8650"}],"collection":[{"href":"https:\/\/dgospel.com.br\/portal\/index.php\/wp-json\/wp\/v2\/posts"}],"about":[{"href":"https:\/\/dgospel.com.br\/portal\/index.php\/wp-json\/wp\/v2\/types\/post"}],"author":[{"embeddable":true,"href":"https:\/\/dgospel.com.br\/portal\/index.php\/wp-json\/wp\/v2\/users\/2"}],"replies":[{"embeddable":true,"href":"https:\/\/dgospel.com.br\/portal\/index.php\/wp-json\/wp\/v2\/comments?post=8650"}],"version-history":[{"count":1,"href":"https:\/\/dgospel.com.br\/portal\/index.php\/wp-json\/wp\/v2\/posts\/8650\/revisions"}],"predecessor-version":[{"id":8652,"href":"https:\/\/dgospel.com.br\/portal\/index.php\/wp-json\/wp\/v2\/posts\/8650\/revisions\/8652"}],"wp:featuredmedia":[{"embeddable":true,"href":"https:\/\/dgospel.com.br\/portal\/index.php\/wp-json\/wp\/v2\/media\/8651"}],"wp:attachment":[{"href":"https:\/\/dgospel.com.br\/portal\/index.php\/wp-json\/wp\/v2\/media?parent=8650"}],"wp:term":[{"taxonomy":"category","embeddable":true,"href":"https:\/\/dgospel.com.br\/portal\/index.php\/wp-json\/wp\/v2\/categories?post=8650"},{"taxonomy":"post_tag","embeddable":true,"href":"https:\/\/dgospel.com.br\/portal\/index.php\/wp-json\/wp\/v2\/tags?post=8650"}],"curies":[{"name":"wp","href":"https:\/\/api.w.org\/{rel}","templated":true}]}}