{"id":8662,"date":"2021-06-11T11:25:27","date_gmt":"2021-06-11T14:25:27","guid":{"rendered":"http:\/\/dgospel.com.br\/portal\/?p=8662"},"modified":"2021-06-11T11:25:29","modified_gmt":"2021-06-11T14:25:29","slug":"vice-governador-wanderlei-barbosa-participa-da-formatura-do-primeiro-curso-de-acoes-taticas-da-policia-militar","status":"publish","type":"post","link":"https:\/\/dgospel.com.br\/portal\/index.php\/2021\/06\/11\/vice-governador-wanderlei-barbosa-participa-da-formatura-do-primeiro-curso-de-acoes-taticas-da-policia-militar\/","title":{"rendered":"Vice-governador Wanderlei Barbosa participa da formatura do Primeiro Curso de A\u00e7\u00f5es T\u00e1ticas da Pol\u00edcia Militar"},"content":{"rendered":"\n<p>O vice-governador do Estado do Tocantins, Wanderlei Barbosa, participou na noite desta quinta-feira, 10, da formatura da primeira turma do Curso de A\u00e7\u00f5es T\u00e1ticas Especiais da Pol\u00edcia Militar do Estado do Tocantins (PM). O evento foi realizado na sede do Quartel do Comando-Geral da PM, em Palmas, e contou com a presen\u00e7a de deputados estaduais, secret\u00e1rios de Estado e representantes das for\u00e7as de seguran\u00e7a do Estado.<\/p>\n\n\n\n<p>O curso teve como objetivo preparar policiais volunt\u00e1rios para integrar o Batalh\u00e3o de Opera\u00e7\u00f5es Especiais (Bope). Ao todo, 16 policiais conclu\u00edram o curso, sendo 11 militares da PM do Tocantins, um delegado da Pol\u00edcia Civil do Tocantins, dois pol\u00edcias penais do Tocantins, um policial da PM do estado do Maranh\u00e3o e um policial rodovi\u00e1rio federal.<\/p>\n\n\n\n<p>Wanderlei Barbosa destacou o trabalho da Pol\u00edcia Militar e a redu\u00e7\u00e3o dos \u00edndices de criminalidade no Estado. Segundo disse, fruto de um trabalho s\u00e9rio das for\u00e7as de seguran\u00e7a e dos investimentos feitos pela atual gest\u00e3o. \u201cA diminui\u00e7\u00e3o da criminalidade \u00e9 fruto de um trabalho conjunto de todas as for\u00e7as de seguran\u00e7a no Estado. Essa \u00e9 a leitura que o Governo do Tocantins faz: Se est\u00e1 dif\u00edcil isolado, vamos nos juntar, trabalhar em parceria, preparar os nossos homens com cursos de especializa\u00e7\u00e3o, a exemplo deste que est\u00e1 sendo conclu\u00eddo agora. Estamos colocando pessoas preparadas para alta e m\u00e9dia complexidade. Essa \u00e9 a nossa meta, oferecer cursos sempre, aparelhar nossas pol\u00edcias com novos armamentos e viaturas para combater o crime e proteger a sociedade\u201d, ressaltou o Vice-Governador.<\/p>\n\n\n\n<p>O comandante-geral da Pol\u00edcia Militar, coronel Silva Neto, destacou a aten\u00e7\u00e3o que o Governo tem oferecido \u00e0s for\u00e7as de seguran\u00e7a, em especial \u00e0 Pol\u00edcia Militar. \u201cEsse curso foi um sonho que est\u00e1 sendo realizado e somos refer\u00eancia para o Brasil, principalmente na \u00e1rea da tecnologia embarcada, o que tem atra\u00eddo aten\u00e7\u00e3o da corpora\u00e7\u00e3o de outros Estados, o que nos deixa muito orgulhosos. Somos uma Pol\u00edcia t\u00e3o nova com rela\u00e7\u00e3o \u00e0s demais e somos refer\u00eancia, gra\u00e7as aos investimentos realizados pelo Governo\u201d, comentou.<\/p>\n\n\n\n<p>O orador da turma, major Dennis Gomes Dalla, destacou que o Governo fez hist\u00f3ria, porque \u00e9 o melhor curso j\u00e1 realizado e destacou que o sucesso \u00e9 marcado pela qualidade da tropa. \u201cN\u00e3o s\u00e3o os grandes ex\u00e9rcitos que ganham batalhas, mas sim os bons\u201d, disse, em refer\u00eancia \u00e0 qualidade das for\u00e7as de seguran\u00e7a do Estado.<\/p>\n\n\n\n<p><strong>Bope<\/strong><\/p>\n\n\n\n<p>O curso de A\u00e7\u00f5es T\u00e1ticas Especiais forma policiais volunt\u00e1rios para o Batalh\u00e3o de Opera\u00e7\u00f5es Especiais (Bope), que tem como miss\u00e3o atuar em ocorr\u00eancias de grande vulto em todo o Estado do Tocantins e constitui a tropa de elite da Pol\u00edcia Militar. Ele \u00e9 a reserva do Comando-Geral para fazer frente a situa\u00e7\u00f5es diversas que fogem \u00e0 capacidade operativa das unidades de \u00e1rea.<\/p>\n\n\n\n<p>\u00c9 composta por homens treinados em m\u00faltiplas habilidades como tiro de precis\u00e3o, resgate de ref\u00e9ns, ocorr\u00eancias com uso de explosivos, amea\u00e7as terroristas, prote\u00e7\u00e3o de autoridades, rastreamento de combate em ambiente rural, entre outras, al\u00e9m de atuarem como instrutores dos policiais militares e de outros \u00f3rg\u00e3os do Estado e de outras unidades da Federa\u00e7\u00e3o.&nbsp;<\/p>\n\n\n\n<figure class=\"wp-block-image\"><img src=\"https:\/\/central.to.gov.br\/image\/247603?w=565&amp;h=349\" alt=\"\"\/><\/figure>\n\n\n\n<p>O comandante-geral da Pol\u00edcia Militar, Coronel Silva Neto, destacou a aten\u00e7\u00e3o que o Governo tem oferecido \u00e0s for\u00e7as de seguran\u00e7a, em especial \u00e0 Pol\u00edcia Militar. \u201cEsse curso foi um sonho que est\u00e1 sendo realizado e somos refer\u00eancia para o Brasil &#8211; Esequias Ara\u00fajo\/Governo do Tocantins<\/p>\n\n\n\n<figure class=\"wp-block-image\"><img src=\"https:\/\/central.to.gov.br\/image\/247604?w=565&amp;h=349\" alt=\"\"\/><\/figure>\n\n\n\n<p>O curso teve como objetivo preparar policiais volunt\u00e1rios para integrar o Batalh\u00e3o de Opera\u00e7\u00f5es Especiais (BOPE) &#8211; Esequias Ara\u00fajo\/Governo do Tocantins<br><\/p>\n","protected":false},"excerpt":{"rendered":"<p>O vice-governador do Estado do Tocantins, Wanderlei Barbosa, participou na noite desta quinta-feira, 10, da formatura da primeira turma do Curso de A\u00e7\u00f5es T\u00e1ticas Especiais da Pol\u00edcia Militar do Estado do Tocantins (PM). O evento foi realizado na sede do Quartel do Comando-Geral da PM, em Palmas, e contou com a presen\u00e7a de deputados estaduais, [&hellip;]<\/p>\n","protected":false},"author":2,"featured_media":8663,"comment_status":"open","ping_status":"open","sticky":false,"template":"","format":"standard","meta":[],"categories":[3],"tags":[13],"_links":{"self":[{"href":"https:\/\/dgospel.com.br\/portal\/index.php\/wp-json\/wp\/v2\/posts\/8662"}],"collection":[{"href":"https:\/\/dgospel.com.br\/portal\/index.php\/wp-json\/wp\/v2\/posts"}],"about":[{"href":"https:\/\/dgospel.com.br\/portal\/index.php\/wp-json\/wp\/v2\/types\/post"}],"author":[{"embeddable":true,"href":"https:\/\/dgospel.com.br\/portal\/index.php\/wp-json\/wp\/v2\/users\/2"}],"replies":[{"embeddable":true,"href":"https:\/\/dgospel.com.br\/portal\/index.php\/wp-json\/wp\/v2\/comments?post=8662"}],"version-history":[{"count":1,"href":"https:\/\/dgospel.com.br\/portal\/index.php\/wp-json\/wp\/v2\/posts\/8662\/revisions"}],"predecessor-version":[{"id":8664,"href":"https:\/\/dgospel.com.br\/portal\/index.php\/wp-json\/wp\/v2\/posts\/8662\/revisions\/8664"}],"wp:featuredmedia":[{"embeddable":true,"href":"https:\/\/dgospel.com.br\/portal\/index.php\/wp-json\/wp\/v2\/media\/8663"}],"wp:attachment":[{"href":"https:\/\/dgospel.com.br\/portal\/index.php\/wp-json\/wp\/v2\/media?parent=8662"}],"wp:term":[{"taxonomy":"category","embeddable":true,"href":"https:\/\/dgospel.com.br\/portal\/index.php\/wp-json\/wp\/v2\/categories?post=8662"},{"taxonomy":"post_tag","embeddable":true,"href":"https:\/\/dgospel.com.br\/portal\/index.php\/wp-json\/wp\/v2\/tags?post=8662"}],"curies":[{"name":"wp","href":"https:\/\/api.w.org\/{rel}","templated":true}]}}