{"id":8665,"date":"2021-06-11T13:33:51","date_gmt":"2021-06-11T16:33:51","guid":{"rendered":"http:\/\/dgospel.com.br\/portal\/?p=8665"},"modified":"2021-06-11T13:33:53","modified_gmt":"2021-06-11T16:33:53","slug":"pastor-jose-wellington-recebe-alta-do-hospital-apos-internacao-por-covid-19","status":"publish","type":"post","link":"https:\/\/dgospel.com.br\/portal\/index.php\/2021\/06\/11\/pastor-jose-wellington-recebe-alta-do-hospital-apos-internacao-por-covid-19\/","title":{"rendered":"Pastor Jos\u00e9 Wellington recebe alta do hospital ap\u00f3s interna\u00e7\u00e3o por Covid-19"},"content":{"rendered":"\n<p>Nesta quinta-feira (10), o pastor Jos\u00e9 Wellington Bezerra da Costa, presidente de honra da Assembleia de Deus, recebeu alta do hospital, ap\u00f3s&nbsp;<strong><a href=\"https:\/\/guiame.com.br\/gospel\/noticias\/pastor-jose-wellington-lider-da-assembleia-de-deus-belem-e-internado-com-covid-19.html\">28 dias internado<\/a><\/strong>. O an\u00fancio foi feito pelo filho do pastor, Jos\u00e9 Wellington Junior, nas redes sociais da CGADB (Conven\u00e7\u00e3o Geral das Assembleias de Deus do Brasil).&nbsp;<\/p>\n\n\n\n<p>\u201cGra\u00e7as ao nosso Deus, nosso presidente de honra venceu a Covid-19 e est\u00e1 em casa. Rendemos ao Senhor Jesus a nossa gratid\u00e3o por mais esse milagre, Gl\u00f3ria a Deus\u201d, declarou o pastor Jos\u00e9 Wellington Junior. O filho agradeceu as ora\u00e7\u00f5es e o apoio dos l\u00edderes e membros da denomina\u00e7\u00e3o.<\/p>\n\n\n\n<p>O pastor Jos\u00e9 Wellington Bezerra da Costa, de 86 anos, foi internado por complica\u00e7\u00f5es da Covid-19 em 14 de maio. Logo depois, no dia 19 de maio, o l\u00edder recebeu alta da UTI e foi transferido para o quarto.&nbsp;<\/p>\n\n\n\n<p>Jos\u00e9 Wellington Bezerra foi presidente da CGADB por quase duas d\u00e9cadas, se consagrando como um dos maiores l\u00edderes da Assembleia de Deus dos dias atuais. Atualmente, ele \u00e9 pastor presidente da AD no estado de SP. A&nbsp;<strong><a href=\"https:\/\/guiame.com.br\/gospel\/mundo-cristao\/conheca-historia-de-amor-dos-missionarios-que-fundaram-assembleia-de-deus-no-brasil.html\">Assembleia de Deus<\/a><\/strong>&nbsp;\u00e9 a maior denomina\u00e7\u00e3o evang\u00e9lica do Brasil com 6 milh\u00f5es de fi\u00e9is em 283 mil igrejas pelo pa\u00eds.<\/p>\n","protected":false},"excerpt":{"rendered":"<p>Nesta quinta-feira (10), o pastor Jos\u00e9 Wellington Bezerra da Costa, presidente de honra da Assembleia de Deus, recebeu alta do hospital, ap\u00f3s&nbsp;28 dias internado. O an\u00fancio foi feito pelo filho do pastor, Jos\u00e9 Wellington Junior, nas redes sociais da CGADB (Conven\u00e7\u00e3o Geral das Assembleias de Deus do Brasil).&nbsp; \u201cGra\u00e7as ao nosso Deus, nosso presidente de [&hellip;]<\/p>\n","protected":false},"author":2,"featured_media":8666,"comment_status":"open","ping_status":"open","sticky":false,"template":"","format":"standard","meta":[],"categories":[5],"tags":[13],"_links":{"self":[{"href":"https:\/\/dgospel.com.br\/portal\/index.php\/wp-json\/wp\/v2\/posts\/8665"}],"collection":[{"href":"https:\/\/dgospel.com.br\/portal\/index.php\/wp-json\/wp\/v2\/posts"}],"about":[{"href":"https:\/\/dgospel.com.br\/portal\/index.php\/wp-json\/wp\/v2\/types\/post"}],"author":[{"embeddable":true,"href":"https:\/\/dgospel.com.br\/portal\/index.php\/wp-json\/wp\/v2\/users\/2"}],"replies":[{"embeddable":true,"href":"https:\/\/dgospel.com.br\/portal\/index.php\/wp-json\/wp\/v2\/comments?post=8665"}],"version-history":[{"count":1,"href":"https:\/\/dgospel.com.br\/portal\/index.php\/wp-json\/wp\/v2\/posts\/8665\/revisions"}],"predecessor-version":[{"id":8667,"href":"https:\/\/dgospel.com.br\/portal\/index.php\/wp-json\/wp\/v2\/posts\/8665\/revisions\/8667"}],"wp:featuredmedia":[{"embeddable":true,"href":"https:\/\/dgospel.com.br\/portal\/index.php\/wp-json\/wp\/v2\/media\/8666"}],"wp:attachment":[{"href":"https:\/\/dgospel.com.br\/portal\/index.php\/wp-json\/wp\/v2\/media?parent=8665"}],"wp:term":[{"taxonomy":"category","embeddable":true,"href":"https:\/\/dgospel.com.br\/portal\/index.php\/wp-json\/wp\/v2\/categories?post=8665"},{"taxonomy":"post_tag","embeddable":true,"href":"https:\/\/dgospel.com.br\/portal\/index.php\/wp-json\/wp\/v2\/tags?post=8665"}],"curies":[{"name":"wp","href":"https:\/\/api.w.org\/{rel}","templated":true}]}}