{"id":8668,"date":"2021-06-14T11:36:16","date_gmt":"2021-06-14T14:36:16","guid":{"rendered":"http:\/\/dgospel.com.br\/portal\/?p=8668"},"modified":"2021-06-14T11:36:18","modified_gmt":"2021-06-14T14:36:18","slug":"guedes-confirma-que-governo-prorrogara-auxilio-por-3-meses","status":"publish","type":"post","link":"https:\/\/dgospel.com.br\/portal\/index.php\/2021\/06\/14\/guedes-confirma-que-governo-prorrogara-auxilio-por-3-meses\/","title":{"rendered":"Guedes confirma que governo prorrogar\u00e1 aux\u00edlio por 3 meses"},"content":{"rendered":"\n<p> O\u00a0<a rel=\"noreferrer noopener\" href=\"https:\/\/pleno.news\/tag\/governo-federal\" target=\"_blank\">governo federal<\/a>\u00a0\u201cbateu o martelo\u201d sobre a prorroga\u00e7\u00e3o do aux\u00edlio emergencial por mais tr\u00eas meses. A informa\u00e7\u00e3o foi confirmada pelo pr\u00f3prio ministro da Economia,\u00a0<a rel=\"noreferrer noopener\" href=\"https:\/\/pleno.news\/tag\/paulo-guedes\" target=\"_blank\">Paulo Guedes<\/a>, ao colunista Igor Gadelha, do Metr\u00f3poles. De acordo com a publica\u00e7\u00e3o, a decis\u00e3o foi tomada em uma reuni\u00e3o de ministros realizada na semana passada. <\/p>\n\n\n\n<p> Os valores devem ser mantidos no mesmo patamar das atuais parcelas, variando de R$ 150 a R$ 375. A prorroga\u00e7\u00e3o deve ser formalizada por meio da edi\u00e7\u00e3o de uma medida provis\u00f3ria (MP) a ser publicada em breve. Na \u00faltima semana, Guedes j\u00e1 admitia, nos bastidores, a prorroga\u00e7\u00e3o do benef\u00edcio por at\u00e9 tr\u00eas meses. <\/p>\n\n\n\n<p>\n\nA fase atual do aux\u00edlio emergencial come\u00e7ou a ser paga em abril deste ano e tem quatro parcelas, que se encerrar\u00e3o em julho. As tr\u00eas novas parcelas, portanto, devem ser pagadas de agosto a outubro. A primeira edi\u00e7\u00e3o do programa come\u00e7ou em abril do ano passado, com um valor inicial de R$ 600, e seguiu at\u00e9 o m\u00eas de dezembro.\n\n<\/p>\n","protected":false},"excerpt":{"rendered":"<p>O\u00a0governo federal\u00a0\u201cbateu o martelo\u201d sobre a prorroga\u00e7\u00e3o do aux\u00edlio emergencial por mais tr\u00eas meses. A informa\u00e7\u00e3o foi confirmada pelo pr\u00f3prio ministro da Economia,\u00a0Paulo Guedes, ao colunista Igor Gadelha, do Metr\u00f3poles. De acordo com a publica\u00e7\u00e3o, a decis\u00e3o foi tomada em uma reuni\u00e3o de ministros realizada na semana passada. Os valores devem ser mantidos no mesmo [&hellip;]<\/p>\n","protected":false},"author":2,"featured_media":8669,"comment_status":"open","ping_status":"open","sticky":false,"template":"","format":"standard","meta":[],"categories":[4],"tags":[13,14],"_links":{"self":[{"href":"https:\/\/dgospel.com.br\/portal\/index.php\/wp-json\/wp\/v2\/posts\/8668"}],"collection":[{"href":"https:\/\/dgospel.com.br\/portal\/index.php\/wp-json\/wp\/v2\/posts"}],"about":[{"href":"https:\/\/dgospel.com.br\/portal\/index.php\/wp-json\/wp\/v2\/types\/post"}],"author":[{"embeddable":true,"href":"https:\/\/dgospel.com.br\/portal\/index.php\/wp-json\/wp\/v2\/users\/2"}],"replies":[{"embeddable":true,"href":"https:\/\/dgospel.com.br\/portal\/index.php\/wp-json\/wp\/v2\/comments?post=8668"}],"version-history":[{"count":1,"href":"https:\/\/dgospel.com.br\/portal\/index.php\/wp-json\/wp\/v2\/posts\/8668\/revisions"}],"predecessor-version":[{"id":8670,"href":"https:\/\/dgospel.com.br\/portal\/index.php\/wp-json\/wp\/v2\/posts\/8668\/revisions\/8670"}],"wp:featuredmedia":[{"embeddable":true,"href":"https:\/\/dgospel.com.br\/portal\/index.php\/wp-json\/wp\/v2\/media\/8669"}],"wp:attachment":[{"href":"https:\/\/dgospel.com.br\/portal\/index.php\/wp-json\/wp\/v2\/media?parent=8668"}],"wp:term":[{"taxonomy":"category","embeddable":true,"href":"https:\/\/dgospel.com.br\/portal\/index.php\/wp-json\/wp\/v2\/categories?post=8668"},{"taxonomy":"post_tag","embeddable":true,"href":"https:\/\/dgospel.com.br\/portal\/index.php\/wp-json\/wp\/v2\/tags?post=8668"}],"curies":[{"name":"wp","href":"https:\/\/api.w.org\/{rel}","templated":true}]}}