{"id":8671,"date":"2021-06-14T11:43:10","date_gmt":"2021-06-14T14:43:10","guid":{"rendered":"http:\/\/dgospel.com.br\/portal\/?p=8671"},"modified":"2021-06-14T11:43:12","modified_gmt":"2021-06-14T14:43:12","slug":"homem-de-assalto-em-monte-se-arrepende-quero-ser-de-deus","status":"publish","type":"post","link":"https:\/\/dgospel.com.br\/portal\/index.php\/2021\/06\/14\/homem-de-assalto-em-monte-se-arrepende-quero-ser-de-deus\/","title":{"rendered":"Homem de assalto em monte se arrepende: \u2018Quero ser de Deus\u2019"},"content":{"rendered":"\n<p>\n\nA tentativa de assalto a um grupo de crist\u00e3os que oravam em um monte na Regi\u00e3o Metropolitana de Belo Horizonte<strong>,&nbsp;<\/strong>no \u00faltimo fim de semana, ganhou mais um desdobramento. O assaltante que sobreviveu procurou pelo pastor Thiago Souza do Carmo, que liderava a vig\u00edlia, mostrando arrependimento e pedindo ajuda.\n\n<\/p>\n\n\n\n<figure class=\"wp-block-image\"><img src=\"https:\/\/static.cdn.pleno.news\/2021\/06\/Assalto-monte-1024x640.jpg\" alt=\"\" class=\"wp-image-741089\"\/><figcaption>Ap\u00f3s tentativa de assalto a crist\u00e3os, homem se arrepende&nbsp;Foto: Reprodu\u00e7\u00e3o<\/figcaption><\/figure>\n\n\n\n<p> \u2013 Eu estou muito arrependido do que eu fiz l\u00e1 no monte. Eu errei. Eu estou confessando que eu errei. Eu quero me entregar \u00e0 pol\u00edcia para falar que eu errei muito. Eu pedi ao pastor interna\u00e7\u00e3o. Eu quero ser internado. Eu quero ser homem de Deus. Eu n\u00e3o quero essa vida mais. Essa vida n\u00e3o presta \u2013 afirmou o homem, em entrevista \u00e0\u00a0<em>R\u00e1dio Itatiaia<\/em>. <\/p>\n\n\n\n<p>O comparsa do homem arrependido teve um mal s\u00fabito durante o assalto e morreu no local, logo ap\u00f3s o pastor fazer uma ora\u00e7\u00e3o.<\/p>\n\n\n\n<p>Com o apoio do pastor Thiago, o homem de 25 anos se entregou \u00e0 policia e compartilhou um fato curioso que lhe ocorrera momentos antes do ato criminoso.<\/p>\n\n\n\n<p>Segundo ele, a dupla foi abordada por uma mulher que falou que Jesus os amava muito, e ainda profetizou para seu parceiro que ele morreria, caso cometesse o roubo. Ele contou tamb\u00e9m sobre o momento em que o outro homem teve o mal s\u00fabito.<\/p>\n\n\n\n<figure class=\"wp-block-image\"><img src=\"https:\/\/static.cdn.pleno.news\/2021\/06\/okp-1.png\" alt=\"\" class=\"wp-image-741091\"\/><\/figure>\n\n\n\n<p>\u2013 Nessa hora, eu assustei e peguei o fac\u00e3o. Eu ouvi o pastor dizer que Jesus me amava muito. Nessa hora, eu ca\u00ed e n\u00e3o vi mais nada. Quando eu acordei, eu vi que eu conhecia o pastor, abracei ele e pedi perd\u00e3o pra ele \u2013 contou.<\/p>\n\n\n\n<p>O homem, que \u00e9 ex-usu\u00e1rio de drogas, acredita ser um plano de Deus o seu encontro com o pastor.<\/p>\n\n\n\n<p>\u2013 Foi coisa de Deus! Foi Ele que me levou at\u00e9 esse pastor para eu mudar de vida, para mostrar que Deus me ama muito \u2013 declarou.<\/p>\n\n\n\n<p>O pastor Thiago, da Igreja Ministerial Deus \u00e9 Bom, j\u00e1 providenciou uma vaga em um centro de reabilita\u00e7\u00e3o para ele.<\/p>\n","protected":false},"excerpt":{"rendered":"<p>A tentativa de assalto a um grupo de crist\u00e3os que oravam em um monte na Regi\u00e3o Metropolitana de Belo Horizonte,&nbsp;no \u00faltimo fim de semana, ganhou mais um desdobramento. O assaltante que sobreviveu procurou pelo pastor Thiago Souza do Carmo, que liderava a vig\u00edlia, mostrando arrependimento e pedindo ajuda. \u2013 Eu estou muito arrependido do que [&hellip;]<\/p>\n","protected":false},"author":2,"featured_media":8672,"comment_status":"open","ping_status":"open","sticky":false,"template":"","format":"standard","meta":[],"categories":[5],"tags":[],"_links":{"self":[{"href":"https:\/\/dgospel.com.br\/portal\/index.php\/wp-json\/wp\/v2\/posts\/8671"}],"collection":[{"href":"https:\/\/dgospel.com.br\/portal\/index.php\/wp-json\/wp\/v2\/posts"}],"about":[{"href":"https:\/\/dgospel.com.br\/portal\/index.php\/wp-json\/wp\/v2\/types\/post"}],"author":[{"embeddable":true,"href":"https:\/\/dgospel.com.br\/portal\/index.php\/wp-json\/wp\/v2\/users\/2"}],"replies":[{"embeddable":true,"href":"https:\/\/dgospel.com.br\/portal\/index.php\/wp-json\/wp\/v2\/comments?post=8671"}],"version-history":[{"count":1,"href":"https:\/\/dgospel.com.br\/portal\/index.php\/wp-json\/wp\/v2\/posts\/8671\/revisions"}],"predecessor-version":[{"id":8673,"href":"https:\/\/dgospel.com.br\/portal\/index.php\/wp-json\/wp\/v2\/posts\/8671\/revisions\/8673"}],"wp:featuredmedia":[{"embeddable":true,"href":"https:\/\/dgospel.com.br\/portal\/index.php\/wp-json\/wp\/v2\/media\/8672"}],"wp:attachment":[{"href":"https:\/\/dgospel.com.br\/portal\/index.php\/wp-json\/wp\/v2\/media?parent=8671"}],"wp:term":[{"taxonomy":"category","embeddable":true,"href":"https:\/\/dgospel.com.br\/portal\/index.php\/wp-json\/wp\/v2\/categories?post=8671"},{"taxonomy":"post_tag","embeddable":true,"href":"https:\/\/dgospel.com.br\/portal\/index.php\/wp-json\/wp\/v2\/tags?post=8671"}],"curies":[{"name":"wp","href":"https:\/\/api.w.org\/{rel}","templated":true}]}}