{"id":8677,"date":"2021-06-14T11:55:24","date_gmt":"2021-06-14T14:55:24","guid":{"rendered":"http:\/\/dgospel.com.br\/portal\/?p=8677"},"modified":"2021-06-14T11:55:26","modified_gmt":"2021-06-14T14:55:26","slug":"policia-civil-desvenda-furto-a-igreja-recupera-objetos-e-prende-autores-do-crime-em-lizarda","status":"publish","type":"post","link":"https:\/\/dgospel.com.br\/portal\/index.php\/2021\/06\/14\/policia-civil-desvenda-furto-a-igreja-recupera-objetos-e-prende-autores-do-crime-em-lizarda\/","title":{"rendered":"Pol\u00edcia Civil desvenda furto \u00e0 igreja, recupera objetos e prende autores do crime em Lizarda"},"content":{"rendered":"\n<p>Policiais Civis da 79\u00aa Delegacia de Pol\u00edcia Civil em Lizarda, comandados pelo delegado-chefe da unidade, Anderson Cas\u00e9, efetuaram as pris\u00f5es de dois homens, que s\u00e3o suspeitos de invadir e furtar uma igreja na cidade, na madrugada dessa sexta-feira, 11. Na ocasi\u00e3o, os agentes tamb\u00e9m recuperam todos os objetos, que haviam sido subtra\u00eddos e que ainda se encontravam em poder dos investigados.<\/p>\n\n\n\n<p>Segundo a autoridade policial, logo ap\u00f3s tomar conhecimento do furto, ainda de madrugada, os policiais civis da 79\u00aa iniciaram as dilig\u00eancias e investiga\u00e7\u00f5es e conseguiram identificar os suspeitos, sendo um de 23 e o outro de 21 anos, que foram localizados, nas imedia\u00e7\u00f5es da cidade de Lizarda e presos, ainda em situa\u00e7\u00e3o de flagrante.<\/p>\n\n\n\n<p>Durante a captura dos suspeitos, os policiais conseguiram recuperar um viol\u00e3o, uma guitarra el\u00e9trica, caixas de som, al\u00e9m de equipamentos eletr\u00f4nicos, utilizados durante os eventos realizados na igreja. Ainda conforme o delegado Cas\u00e9, o suspeito de 24 anos possui uma extensa ficha criminal e \u00e9 conhecido pela alta periculosidade e atua cometendo crimes na regi\u00e3o leste do Tocantins, pr\u00f3ximo a Lizarda e Rio Sono e tamb\u00e9m no sul do Maranh\u00e3o.<\/p>\n\n\n\n<p>Assim, os dois presos foram apresentados na Central de Atendimento da Pol\u00edcia Civil em Palmas, onde foram autuados pelo crime de furto qualificado.&nbsp; Em seguida, depois da provid\u00eancias legais de praxe, os dois suspeitos foram recolhidos a Casa de Pris\u00e3o Provis\u00f3ria de Palmas (CPPP), onde permanecer\u00e3o \u00e0 disposi\u00e7\u00e3o do Poder Judici\u00e1rio. &nbsp;<\/p>\n\n\n\n<figure class=\"wp-block-image\"><img src=\"https:\/\/central.to.gov.br\/image\/247835?w=565&amp;h=349\" alt=\"\"\/><\/figure>\n\n\n\n<p>Viol\u00e3o, Guitarra, e caixa de som recuperados pela Pol\u00edcia Civil &#8211; Seguran\u00e7a P\u00fablica\/Governo do Tocantins\n\n<\/p>\n","protected":false},"excerpt":{"rendered":"<p>Policiais Civis da 79\u00aa Delegacia de Pol\u00edcia Civil em Lizarda, comandados pelo delegado-chefe da unidade, Anderson Cas\u00e9, efetuaram as pris\u00f5es de dois homens, que s\u00e3o suspeitos de invadir e furtar uma igreja na cidade, na madrugada dessa sexta-feira, 11. Na ocasi\u00e3o, os agentes tamb\u00e9m recuperam todos os objetos, que haviam sido subtra\u00eddos e que ainda [&hellip;]<\/p>\n","protected":false},"author":2,"featured_media":8678,"comment_status":"open","ping_status":"open","sticky":false,"template":"","format":"standard","meta":[],"categories":[3],"tags":[],"_links":{"self":[{"href":"https:\/\/dgospel.com.br\/portal\/index.php\/wp-json\/wp\/v2\/posts\/8677"}],"collection":[{"href":"https:\/\/dgospel.com.br\/portal\/index.php\/wp-json\/wp\/v2\/posts"}],"about":[{"href":"https:\/\/dgospel.com.br\/portal\/index.php\/wp-json\/wp\/v2\/types\/post"}],"author":[{"embeddable":true,"href":"https:\/\/dgospel.com.br\/portal\/index.php\/wp-json\/wp\/v2\/users\/2"}],"replies":[{"embeddable":true,"href":"https:\/\/dgospel.com.br\/portal\/index.php\/wp-json\/wp\/v2\/comments?post=8677"}],"version-history":[{"count":1,"href":"https:\/\/dgospel.com.br\/portal\/index.php\/wp-json\/wp\/v2\/posts\/8677\/revisions"}],"predecessor-version":[{"id":8679,"href":"https:\/\/dgospel.com.br\/portal\/index.php\/wp-json\/wp\/v2\/posts\/8677\/revisions\/8679"}],"wp:featuredmedia":[{"embeddable":true,"href":"https:\/\/dgospel.com.br\/portal\/index.php\/wp-json\/wp\/v2\/media\/8678"}],"wp:attachment":[{"href":"https:\/\/dgospel.com.br\/portal\/index.php\/wp-json\/wp\/v2\/media?parent=8677"}],"wp:term":[{"taxonomy":"category","embeddable":true,"href":"https:\/\/dgospel.com.br\/portal\/index.php\/wp-json\/wp\/v2\/categories?post=8677"},{"taxonomy":"post_tag","embeddable":true,"href":"https:\/\/dgospel.com.br\/portal\/index.php\/wp-json\/wp\/v2\/tags?post=8677"}],"curies":[{"name":"wp","href":"https:\/\/api.w.org\/{rel}","templated":true}]}}