{"id":8680,"date":"2021-06-14T11:59:34","date_gmt":"2021-06-14T14:59:34","guid":{"rendered":"http:\/\/dgospel.com.br\/portal\/?p=8680"},"modified":"2021-06-14T11:59:35","modified_gmt":"2021-06-14T14:59:35","slug":"policia-militar-prende-suspeito-de-furtar-estabelecimento-comercial-no-jardim-aureny-iv-em-palmas","status":"publish","type":"post","link":"https:\/\/dgospel.com.br\/portal\/index.php\/2021\/06\/14\/policia-militar-prende-suspeito-de-furtar-estabelecimento-comercial-no-jardim-aureny-iv-em-palmas\/","title":{"rendered":"Pol\u00edcia Militar prende suspeito de furtar estabelecimento comercial no Jardim Aureny IV em Palmas"},"content":{"rendered":"\n<p>Em uma a\u00e7\u00e3o estrat\u00e9gica, a Pol\u00edcia Militar do Tocantins (PMTO), por meio do 6\u00ba Batalh\u00e3o e com o apoio de equipes da Ag\u00eancia Local de Intelig\u00eancia da Unidade e Ag\u00eancia Central de Intelig\u00eancia da PM, prendeu no in\u00edcio da tarde desse s\u00e1bado, 12, por volta das 12h40, em Palmas, um dos envolvidos em um furto a um estabelecimento comercial localizado no Jardim Aureny IV, regi\u00e3o sul da Capital, ocorrido na sexta-feira, 11. O homem de 20 anos j\u00e1 tem passagens pela Pol\u00edcia por roubo e tr\u00e1fico de drogas, al\u00e9m disso, estava utilizando tornozeleira eletr\u00f4nica no momento da abordagem. Parte do material furtado da loja de roupas tamb\u00e9m foi recuperado pela PM.<\/p>\n\n\n\n<p>O criminoso foi localizado em uma quitinete, na Rua 32, do Jardim Aureny III. No local os policiais apreenderam 176 pe\u00e7as, entre roupas, cal\u00e7ados, \u00f3culos e um monitor, furtados do estabelecimento comercial. Questionado pelos policiais sobre os produtos, ele alegou que um conhecido havia deixado em sua resid\u00eancia. Todo material foi apreendido.<\/p>\n\n\n\n<p>O indiv\u00edduo foi preso e encaminhado ao 5\u00ba Distrito da Pol\u00edcia Civil, onde foi autuado pelo crime de recepta\u00e7\u00e3o. As equipes da Pol\u00edcia Militar continuam em dilig\u00eancias a fim de localizar os demais envolvidos no crime. O propriet\u00e1rio do estabelecimento comercial foi informado do fato e compareceu \u00e0 Delegacia para reaver o material recuperado pela PM.<\/p>\n\n\n\n<p>\u201cQuero agradecer ao empenho das equipes policiais envolvidas na a\u00e7\u00e3o, que resultou na pris\u00e3o deste criminoso reincidente. Nossos policiais n\u00e3o mediram esfor\u00e7os para solucionar este crime que gerou repercuss\u00e3o pela aud\u00e1cia dos criminosos. Trabalhamos diuturnamente para que o cidad\u00e3o de bem possa ter garantido seu direito \u00e0 seguran\u00e7a, a Pol\u00edcia Militar est\u00e1 ao lado da popula\u00e7\u00e3o, pronta para dar uma resposta eficaz em situa\u00e7\u00f5es como esta. Continuaremos nosso trabalho para que todos os envolvidos sejam presos\u201d, destacou o comandante do 6\u00ba Batalh\u00e3o da Pol\u00edcia Militar, tenente-coronel Ricardo Apolin\u00e1rio de Carvalho.<\/p>\n\n\n\n<p><strong>Entenda o crime<\/strong><\/p>\n\n\n\n<p>O furto ocorreu na madrugada de sexta-feira, 11, em uma loja de roupas e cal\u00e7ados localizada no Jardim Aureny IV, regi\u00e3o sul de Palmas. Um grupo arrombou o estabelecimento, levou produtos e pouco tempo depois voltou com mochilas para conseguir furtar mais pe\u00e7as. De acordo com o comerciante, o furto foi percebido no come\u00e7o da manh\u00e3 quando o dono do estabelecimento notou, pelo celular, que o local tinha sido invadido. Ao ver pe\u00e7as e cabides no ch\u00e3o ele foi ao local e confirmou o crime. Quatro homens teriam quebrado o cadeado e entrado por volta de 1 hora da madrugada. O comerciante estima um preju\u00edzo em torno de 15 mil reais&nbsp;<\/p>\n","protected":false},"excerpt":{"rendered":"<p>Em uma a\u00e7\u00e3o estrat\u00e9gica, a Pol\u00edcia Militar do Tocantins (PMTO), por meio do 6\u00ba Batalh\u00e3o e com o apoio de equipes da Ag\u00eancia Local de Intelig\u00eancia da Unidade e Ag\u00eancia Central de Intelig\u00eancia da PM, prendeu no in\u00edcio da tarde desse s\u00e1bado, 12, por volta das 12h40, em Palmas, um dos envolvidos em um furto [&hellip;]<\/p>\n","protected":false},"author":2,"featured_media":8681,"comment_status":"open","ping_status":"open","sticky":false,"template":"","format":"standard","meta":[],"categories":[3],"tags":[],"_links":{"self":[{"href":"https:\/\/dgospel.com.br\/portal\/index.php\/wp-json\/wp\/v2\/posts\/8680"}],"collection":[{"href":"https:\/\/dgospel.com.br\/portal\/index.php\/wp-json\/wp\/v2\/posts"}],"about":[{"href":"https:\/\/dgospel.com.br\/portal\/index.php\/wp-json\/wp\/v2\/types\/post"}],"author":[{"embeddable":true,"href":"https:\/\/dgospel.com.br\/portal\/index.php\/wp-json\/wp\/v2\/users\/2"}],"replies":[{"embeddable":true,"href":"https:\/\/dgospel.com.br\/portal\/index.php\/wp-json\/wp\/v2\/comments?post=8680"}],"version-history":[{"count":1,"href":"https:\/\/dgospel.com.br\/portal\/index.php\/wp-json\/wp\/v2\/posts\/8680\/revisions"}],"predecessor-version":[{"id":8682,"href":"https:\/\/dgospel.com.br\/portal\/index.php\/wp-json\/wp\/v2\/posts\/8680\/revisions\/8682"}],"wp:featuredmedia":[{"embeddable":true,"href":"https:\/\/dgospel.com.br\/portal\/index.php\/wp-json\/wp\/v2\/media\/8681"}],"wp:attachment":[{"href":"https:\/\/dgospel.com.br\/portal\/index.php\/wp-json\/wp\/v2\/media?parent=8680"}],"wp:term":[{"taxonomy":"category","embeddable":true,"href":"https:\/\/dgospel.com.br\/portal\/index.php\/wp-json\/wp\/v2\/categories?post=8680"},{"taxonomy":"post_tag","embeddable":true,"href":"https:\/\/dgospel.com.br\/portal\/index.php\/wp-json\/wp\/v2\/tags?post=8680"}],"curies":[{"name":"wp","href":"https:\/\/api.w.org\/{rel}","templated":true}]}}