{"id":8683,"date":"2021-06-15T08:55:50","date_gmt":"2021-06-15T11:55:50","guid":{"rendered":"http:\/\/dgospel.com.br\/portal\/?p=8683"},"modified":"2021-06-15T08:55:52","modified_gmt":"2021-06-15T11:55:52","slug":"pastor-edgar-martins-pedra-morre-aos-37-anos-de-covid-19","status":"publish","type":"post","link":"https:\/\/dgospel.com.br\/portal\/index.php\/2021\/06\/15\/pastor-edgar-martins-pedra-morre-aos-37-anos-de-covid-19\/","title":{"rendered":"Pastor Edgar Martins Pedra morre aos 37 anos de covid-19"},"content":{"rendered":"\n<p>O pastor&nbsp;<em>Edgar Martins Pedra<\/em>&nbsp;faleceu\nnesta segunda-feira (14), aos 37 anos, em raz\u00e3o de complica\u00e7\u00f5es causadas pela\ncovid-19. Ele estava internado na UTI do Hospital Geral de Palmas e sofreu duas\nparadas card\u00edacas.&nbsp;<\/p>\n\n\n\n<p><em>Edgar Pedra&nbsp;<\/em>era\npastor congregacional na Igreja Assembleia de Deus Ciadseta em Aragua\u00edna,\npsic\u00f3logo e j\u00e1 atuou como conselheiro tutelar na cidade. Ele chegou a ser\ninternado h\u00e1 duas semanas no Hospital de Campanha de Aragua\u00edna, mas teve que\nser transferido para Palmas ap\u00f3s complica\u00e7\u00f5es do estado de sa\u00fade deixadas pela\ncovid-19.<\/p>\n\n\n\n\n\n<p>\n\n\n\nO prefeito de Aragua\u00edna,&nbsp;<em>Wagner Rodrigues,&nbsp;<\/em>lamentou\no falecimento. \u201c<em>A todos os familiares e amigos, nossos sinceros\nsentimentos. Que Deus possa confortar a todos neste momento de dor<\/em>\u201d,\nafirmou.<\/p>\n\n\n\n<p>O pastor deixa esposa e quatro irm\u00e3os.<\/p>\n\n\n\n<p>Fonte: afnoticias<\/p>\n","protected":false},"excerpt":{"rendered":"<p>O pastor&nbsp;Edgar Martins Pedra&nbsp;faleceu nesta segunda-feira (14), aos 37 anos, em raz\u00e3o de complica\u00e7\u00f5es causadas pela covid-19. Ele estava internado na UTI do Hospital Geral de Palmas e sofreu duas paradas card\u00edacas.&nbsp; Edgar Pedra&nbsp;era pastor congregacional na Igreja Assembleia de Deus Ciadseta em Aragua\u00edna, psic\u00f3logo e j\u00e1 atuou como conselheiro tutelar na cidade. Ele chegou [&hellip;]<\/p>\n","protected":false},"author":2,"featured_media":8684,"comment_status":"open","ping_status":"open","sticky":false,"template":"","format":"standard","meta":[],"categories":[5],"tags":[],"_links":{"self":[{"href":"https:\/\/dgospel.com.br\/portal\/index.php\/wp-json\/wp\/v2\/posts\/8683"}],"collection":[{"href":"https:\/\/dgospel.com.br\/portal\/index.php\/wp-json\/wp\/v2\/posts"}],"about":[{"href":"https:\/\/dgospel.com.br\/portal\/index.php\/wp-json\/wp\/v2\/types\/post"}],"author":[{"embeddable":true,"href":"https:\/\/dgospel.com.br\/portal\/index.php\/wp-json\/wp\/v2\/users\/2"}],"replies":[{"embeddable":true,"href":"https:\/\/dgospel.com.br\/portal\/index.php\/wp-json\/wp\/v2\/comments?post=8683"}],"version-history":[{"count":1,"href":"https:\/\/dgospel.com.br\/portal\/index.php\/wp-json\/wp\/v2\/posts\/8683\/revisions"}],"predecessor-version":[{"id":8685,"href":"https:\/\/dgospel.com.br\/portal\/index.php\/wp-json\/wp\/v2\/posts\/8683\/revisions\/8685"}],"wp:featuredmedia":[{"embeddable":true,"href":"https:\/\/dgospel.com.br\/portal\/index.php\/wp-json\/wp\/v2\/media\/8684"}],"wp:attachment":[{"href":"https:\/\/dgospel.com.br\/portal\/index.php\/wp-json\/wp\/v2\/media?parent=8683"}],"wp:term":[{"taxonomy":"category","embeddable":true,"href":"https:\/\/dgospel.com.br\/portal\/index.php\/wp-json\/wp\/v2\/categories?post=8683"},{"taxonomy":"post_tag","embeddable":true,"href":"https:\/\/dgospel.com.br\/portal\/index.php\/wp-json\/wp\/v2\/tags?post=8683"}],"curies":[{"name":"wp","href":"https:\/\/api.w.org\/{rel}","templated":true}]}}