{"id":8686,"date":"2021-06-15T09:28:06","date_gmt":"2021-06-15T12:28:06","guid":{"rendered":"http:\/\/dgospel.com.br\/portal\/?p=8686"},"modified":"2021-06-15T09:28:08","modified_gmt":"2021-06-15T12:28:08","slug":"por-unanimidade-rodrigo-maia-e-expulso-do-democratas","status":"publish","type":"post","link":"https:\/\/dgospel.com.br\/portal\/index.php\/2021\/06\/15\/por-unanimidade-rodrigo-maia-e-expulso-do-democratas\/","title":{"rendered":"Por unanimidade, Rodrigo Maia \u00e9 expulso do Democratas"},"content":{"rendered":"\n<p> Ap\u00f3s reuni\u00e3o, a Executiva Nacional do partido Democratas decidiu, por unanimidade, expulsar Rodrigo Maia da sigla. Recentemente, o ex-presidente da C\u00e2mara dos Deputados protagonizou embates p\u00fablicos com o presidente do DEM, ACM Neto \u2013 a quem chegou a se referir como \u201cbaixinho que n\u00e3o tem car\u00e1ter\u201d. <\/p>\n\n\n\n<figure class=\"wp-block-image\"><img src=\"https:\/\/static.cdn.pleno.news\/2020\/12\/csm_rodrigomaiachora_abr_1b4d8c08ae.jpg\" alt=\"\" class=\"wp-image-617241\"\/><\/figure>\n\n\n\n<p>Rodrigo Maia \u00e9 expulso do Democratas\u00a0 \u00a0Foto: Ag\u00eancia Brasil <\/p>\n\n\n\n<p> A decis\u00e3o j\u00e1 era esperada. Em curta nota, o partido informou que o desligamento de Maia do partido aconteceu seguindo os tr\u00e2mites necess\u00e1rios, incluindo o direito \u00e0 ampla defesa do deputado. <\/p>\n\n\n\n<p>Todos os integrantes da c\u00fapula do DEM entenderam que Maia cometeu infra\u00e7\u00e3o disciplinar.<\/p>\n\n\n\n<p>O racha no partido surgiu quando o pr\u00f3prio DEM optou por n\u00e3o apoiar a reelei\u00e7\u00e3o de Maia para a Presid\u00eancia da C\u00e2mara dos Deputados. Em seu lugar, a sigla decidiu endossar a candidatura de Arthur Lira, postulante apoiado abertamente pelo presidente Jair Bolsonaro.<\/p>\n\n\n\n<p>Por ter sido expulso, Maia n\u00e3o corre o risco de perder o mandato<\/p>\n\n\n\n<p><\/p>\n","protected":false},"excerpt":{"rendered":"<p>Ap\u00f3s reuni\u00e3o, a Executiva Nacional do partido Democratas decidiu, por unanimidade, expulsar Rodrigo Maia da sigla. Recentemente, o ex-presidente da C\u00e2mara dos Deputados protagonizou embates p\u00fablicos com o presidente do DEM, ACM Neto \u2013 a quem chegou a se referir como \u201cbaixinho que n\u00e3o tem car\u00e1ter\u201d. Rodrigo Maia \u00e9 expulso do Democratas\u00a0 \u00a0Foto: Ag\u00eancia Brasil [&hellip;]<\/p>\n","protected":false},"author":2,"featured_media":8687,"comment_status":"open","ping_status":"open","sticky":false,"template":"","format":"standard","meta":[],"categories":[4],"tags":[13,14],"_links":{"self":[{"href":"https:\/\/dgospel.com.br\/portal\/index.php\/wp-json\/wp\/v2\/posts\/8686"}],"collection":[{"href":"https:\/\/dgospel.com.br\/portal\/index.php\/wp-json\/wp\/v2\/posts"}],"about":[{"href":"https:\/\/dgospel.com.br\/portal\/index.php\/wp-json\/wp\/v2\/types\/post"}],"author":[{"embeddable":true,"href":"https:\/\/dgospel.com.br\/portal\/index.php\/wp-json\/wp\/v2\/users\/2"}],"replies":[{"embeddable":true,"href":"https:\/\/dgospel.com.br\/portal\/index.php\/wp-json\/wp\/v2\/comments?post=8686"}],"version-history":[{"count":1,"href":"https:\/\/dgospel.com.br\/portal\/index.php\/wp-json\/wp\/v2\/posts\/8686\/revisions"}],"predecessor-version":[{"id":8688,"href":"https:\/\/dgospel.com.br\/portal\/index.php\/wp-json\/wp\/v2\/posts\/8686\/revisions\/8688"}],"wp:featuredmedia":[{"embeddable":true,"href":"https:\/\/dgospel.com.br\/portal\/index.php\/wp-json\/wp\/v2\/media\/8687"}],"wp:attachment":[{"href":"https:\/\/dgospel.com.br\/portal\/index.php\/wp-json\/wp\/v2\/media?parent=8686"}],"wp:term":[{"taxonomy":"category","embeddable":true,"href":"https:\/\/dgospel.com.br\/portal\/index.php\/wp-json\/wp\/v2\/categories?post=8686"},{"taxonomy":"post_tag","embeddable":true,"href":"https:\/\/dgospel.com.br\/portal\/index.php\/wp-json\/wp\/v2\/tags?post=8686"}],"curies":[{"name":"wp","href":"https:\/\/api.w.org\/{rel}","templated":true}]}}