{"id":8689,"date":"2021-06-15T09:34:14","date_gmt":"2021-06-15T12:34:14","guid":{"rendered":"http:\/\/dgospel.com.br\/portal\/?p=8689"},"modified":"2021-06-15T09:34:16","modified_gmt":"2021-06-15T12:34:16","slug":"bolsonaro-se-reune-com-executivos-da-pfizer-e-pede-antecipacao-de-vacinas","status":"publish","type":"post","link":"https:\/\/dgospel.com.br\/portal\/index.php\/2021\/06\/15\/bolsonaro-se-reune-com-executivos-da-pfizer-e-pede-antecipacao-de-vacinas\/","title":{"rendered":"Bolsonaro se re\u00fane com executivos da Pfizer e pede antecipa\u00e7\u00e3o de vacinas"},"content":{"rendered":"\n<p>\n\nO presidente Jair Bolsonaro participou, nesta segunda-feira (14), de uma reuni\u00e3o com executivos da Pfizer. No encontro, ele pediu que a empresa antecipe o envio de vacinas contra a Covid-19 ao Brasil.\n\n<\/p>\n\n\n\n<figure class=\"wp-block-image\"><img src=\"https:\/\/static.cdn.pleno.news\/2021\/06\/51247217361_0d642d7e66_k-1024x683.jpg\" alt=\"\" class=\"wp-image-741947\"\/><figcaption>Presidente Jair Bolsonaro em reuni\u00e3o com executivos da Pfizer&nbsp;Foto: Isac N\u00f3brega\/PR<\/figcaption><\/figure>\n\n\n\n<p> A reuni\u00e3o contou com a presen\u00e7a de ministros, entre eles o da Sa\u00fade, Marcelo Queiroga, e foi realizada com o presidente da farmac\u00eautica Pfizer na Am\u00e9rica Latina, Carlos Murillo, e a presidente da empresa no Brasil, Marta D\u00edez.<\/p>\n\n\n\n<p>Al\u00e9m deles, o ministro de Rela\u00e7\u00f5es Exteriores, Carlos Alberto Fran\u00e7a, e o ministro da Casa Civil, Luiz Eduardo Ramos, tamb\u00e9m estavam no encontro.<\/p>\n\n\n\n<p>O pedido de antecipa\u00e7\u00e3o das doses ocorreria dentro dos contratos firmados com o governo brasileiro para a aquisi\u00e7\u00e3o de imunizantes. O primeiro deles, assinado em 19 de mar\u00e7o, prev\u00ea 100 milh\u00f5es de doses at\u00e9 o final de setembro. J\u00e1 o segundo, que tamb\u00e9m prev\u00ea 100 milh\u00f5es de doses, as entregas seriam feitas entre outubro e dezembro.<br><\/p>\n","protected":false},"excerpt":{"rendered":"<p>O presidente Jair Bolsonaro participou, nesta segunda-feira (14), de uma reuni\u00e3o com executivos da Pfizer. No encontro, ele pediu que a empresa antecipe o envio de vacinas contra a Covid-19 ao Brasil. A reuni\u00e3o contou com a presen\u00e7a de ministros, entre eles o da Sa\u00fade, Marcelo Queiroga, e foi realizada com o presidente da farmac\u00eautica [&hellip;]<\/p>\n","protected":false},"author":2,"featured_media":8690,"comment_status":"open","ping_status":"open","sticky":false,"template":"","format":"standard","meta":[],"categories":[4],"tags":[],"_links":{"self":[{"href":"https:\/\/dgospel.com.br\/portal\/index.php\/wp-json\/wp\/v2\/posts\/8689"}],"collection":[{"href":"https:\/\/dgospel.com.br\/portal\/index.php\/wp-json\/wp\/v2\/posts"}],"about":[{"href":"https:\/\/dgospel.com.br\/portal\/index.php\/wp-json\/wp\/v2\/types\/post"}],"author":[{"embeddable":true,"href":"https:\/\/dgospel.com.br\/portal\/index.php\/wp-json\/wp\/v2\/users\/2"}],"replies":[{"embeddable":true,"href":"https:\/\/dgospel.com.br\/portal\/index.php\/wp-json\/wp\/v2\/comments?post=8689"}],"version-history":[{"count":1,"href":"https:\/\/dgospel.com.br\/portal\/index.php\/wp-json\/wp\/v2\/posts\/8689\/revisions"}],"predecessor-version":[{"id":8691,"href":"https:\/\/dgospel.com.br\/portal\/index.php\/wp-json\/wp\/v2\/posts\/8689\/revisions\/8691"}],"wp:featuredmedia":[{"embeddable":true,"href":"https:\/\/dgospel.com.br\/portal\/index.php\/wp-json\/wp\/v2\/media\/8690"}],"wp:attachment":[{"href":"https:\/\/dgospel.com.br\/portal\/index.php\/wp-json\/wp\/v2\/media?parent=8689"}],"wp:term":[{"taxonomy":"category","embeddable":true,"href":"https:\/\/dgospel.com.br\/portal\/index.php\/wp-json\/wp\/v2\/categories?post=8689"},{"taxonomy":"post_tag","embeddable":true,"href":"https:\/\/dgospel.com.br\/portal\/index.php\/wp-json\/wp\/v2\/tags?post=8689"}],"curies":[{"name":"wp","href":"https:\/\/api.w.org\/{rel}","templated":true}]}}