{"id":8693,"date":"2021-06-17T10:59:21","date_gmt":"2021-06-17T13:59:21","guid":{"rendered":"http:\/\/dgospel.com.br\/portal\/?p=8693"},"modified":"2021-06-28T13:37:34","modified_gmt":"2021-06-28T16:37:34","slug":"camara-aprova-proposta-que-revisa-a-lei-de-improbidade-administrativa","status":"publish","type":"post","link":"https:\/\/dgospel.com.br\/portal\/index.php\/2021\/06\/17\/camara-aprova-proposta-que-revisa-a-lei-de-improbidade-administrativa\/","title":{"rendered":"Rubens Uch\u00f4a pede regulariza\u00e7\u00e3o fundi\u00e1ria do Setor Irm\u00e3 Dulce"},"content":{"rendered":"\n<p>A C\u00e2mara de Palmas aprovou nesta ter\u00e7a-feira (15) o requerimento de autoria do\u00a0<a href=\"https:\/\/www.jmnoticia.com.br\/requerimento-de-rubens-uchoa-que-permite-retorno-de-apresentacoes-musicais-e-aprovado-na-camara\/\">vereador Rubens Uch\u00f4a (Cidadania)<\/a>\u00a0que pede a regulariza\u00e7\u00e3o fundi\u00e1ria do Setor Irm\u00e3 Dulce.<\/p>\n\n\n\n<p>H\u00e1\n20 anos os moradores da regi\u00e3o buscam resolver este problema que impede\nmilhares de pessoas de terem acesso a servi\u00e7os b\u00e1sicos.<\/p>\n\n\n\n<p>O setor localizado na regi\u00e3o Sul era uma \u00e1rea de ch\u00e1cara que foi passada para algumas pessoas, mas ao longo dos anos o n\u00famero de moradores foi aumentando.<\/p>\n\n\n\n<p> Os moradores reclamam da falta de asfalto e ro\u00e7agem, impede a movimenta\u00e7\u00e3o de carros e pedestres.<\/p>\n\n\n\n<p>\n\n\n\nCom a regulariza\u00e7\u00e3o, a&nbsp;<a href=\"https:\/\/www.jmnoticia.com.br\/prefeitura-de-palmas-retoma-atendimento-presencial-nesta-quarta\/\">Prefeitura<\/a>&nbsp;poder\u00e1\noferecer uma qualidade de vida melhor para para todos os moradores.<\/p>\n\n\n\n<p>Dada a import\u00e2ncia do requerimento de Rubens Uch\u00f4a, alguns vereadores pediram para subscrever ao pedido, entendendo que \u00e9 hora da \u00e1rea, que pertence ao Estado, ser regularizada para que a Prefeitura tome as devidas provid\u00eancias. Al\u00e9m deste requerimento, os vereadores aprovaram outros quatro pedidos de Uch\u00f4a.<\/p>\n\n\n\n<p><\/p>\n\n\n\n<p>Fonte: jmnoticia<\/p>\n\n\n\n<p><\/p>\n","protected":false},"excerpt":{"rendered":"<p>A C\u00e2mara de Palmas aprovou nesta ter\u00e7a-feira (15) o requerimento de autoria do\u00a0vereador Rubens Uch\u00f4a (Cidadania)\u00a0que pede a regulariza\u00e7\u00e3o fundi\u00e1ria do Setor Irm\u00e3 Dulce. H\u00e1 20 anos os moradores da regi\u00e3o buscam resolver este problema que impede milhares de pessoas de terem acesso a servi\u00e7os b\u00e1sicos. O setor localizado na regi\u00e3o Sul era uma \u00e1rea [&hellip;]<\/p>\n","protected":false},"author":2,"featured_media":8764,"comment_status":"open","ping_status":"open","sticky":false,"template":"","format":"standard","meta":[],"categories":[8],"tags":[13],"_links":{"self":[{"href":"https:\/\/dgospel.com.br\/portal\/index.php\/wp-json\/wp\/v2\/posts\/8693"}],"collection":[{"href":"https:\/\/dgospel.com.br\/portal\/index.php\/wp-json\/wp\/v2\/posts"}],"about":[{"href":"https:\/\/dgospel.com.br\/portal\/index.php\/wp-json\/wp\/v2\/types\/post"}],"author":[{"embeddable":true,"href":"https:\/\/dgospel.com.br\/portal\/index.php\/wp-json\/wp\/v2\/users\/2"}],"replies":[{"embeddable":true,"href":"https:\/\/dgospel.com.br\/portal\/index.php\/wp-json\/wp\/v2\/comments?post=8693"}],"version-history":[{"count":3,"href":"https:\/\/dgospel.com.br\/portal\/index.php\/wp-json\/wp\/v2\/posts\/8693\/revisions"}],"predecessor-version":[{"id":8766,"href":"https:\/\/dgospel.com.br\/portal\/index.php\/wp-json\/wp\/v2\/posts\/8693\/revisions\/8766"}],"wp:featuredmedia":[{"embeddable":true,"href":"https:\/\/dgospel.com.br\/portal\/index.php\/wp-json\/wp\/v2\/media\/8764"}],"wp:attachment":[{"href":"https:\/\/dgospel.com.br\/portal\/index.php\/wp-json\/wp\/v2\/media?parent=8693"}],"wp:term":[{"taxonomy":"category","embeddable":true,"href":"https:\/\/dgospel.com.br\/portal\/index.php\/wp-json\/wp\/v2\/categories?post=8693"},{"taxonomy":"post_tag","embeddable":true,"href":"https:\/\/dgospel.com.br\/portal\/index.php\/wp-json\/wp\/v2\/tags?post=8693"}],"curies":[{"name":"wp","href":"https:\/\/api.w.org\/{rel}","templated":true}]}}