{"id":8696,"date":"2021-06-17T11:43:27","date_gmt":"2021-06-17T14:43:27","guid":{"rendered":"http:\/\/dgospel.com.br\/portal\/?p=8696"},"modified":"2021-06-28T13:12:29","modified_gmt":"2021-06-28T16:12:29","slug":"lideres-de-organizacao-criminosa-com-atuacao-nacional-no-trafico-de-drogas-sao-presos-pela-policia-civil-do-tocantins","status":"publish","type":"post","link":"https:\/\/dgospel.com.br\/portal\/index.php\/2021\/06\/17\/lideres-de-organizacao-criminosa-com-atuacao-nacional-no-trafico-de-drogas-sao-presos-pela-policia-civil-do-tocantins\/","title":{"rendered":"Rubens Uch\u00f4a preside sess\u00e3o que aprova data-base dos servidores municipais de Palmas"},"content":{"rendered":"\n<p>A C\u00e2mara Municipal de Palmas, em Sess\u00e3o conduzida pelo\nvice-presidente Rubens Uch\u00f4a (Cidadania), aprovou na manh\u00e3 desta quarta-feira,\n16, a Medida Provis\u00f3ria n\u00ba1 de 15 de fevereiro de 2021, que disp\u00f5e sobre a\nrevis\u00e3o geral anual dos vencimentos e subs\u00eddios dos servidores p\u00fablicos do\nExecutivo Municipal, a conhecida data-base.<\/p>\n\n\n\n<p>O\nreajuste de 4,52% aprovado pelos parlamentares leva em considera\u00e7\u00e3o o \u00edndice da\ninfla\u00e7\u00e3o apurada nos \u00faltimos 12 meses. O acr\u00e9scimo \u00e9 relativo \u00e0 data-base do\nano de 2021, ou seja, a revis\u00e3o geral anual que \u00e9 dada no m\u00eas de fevereiro. O\nprojeto foi aprovado por unanimidade pelos parlamentares.<\/p>\n\n\n\n<p>Os\npareces favor\u00e1veis foram da: Comiss\u00e3o de Constitui\u00e7\u00e3o, Justi\u00e7a e Reda\u00e7\u00e3o;\nComiss\u00e3o de Pol\u00edticas P\u00fablicas Sociais e da Comiss\u00e3o de Finan\u00e7as, Fiscaliza\u00e7\u00e3o,\nTributa\u00e7\u00e3o e Controle.<\/p>\n\n\n\n<p>\u201dEstou muito feliz com\na aprova\u00e7\u00e3o da MP 01. O reajuste de 4,52% para os nossos valorosos servidores\nmunicipais \u00e9 de grande import\u00e2ncia, pois al\u00e9m de valorizar, garante a\nefetividade de um direito conquistado\u201d, disse Rubens Uch\u00f4a.<\/p>\n","protected":false},"excerpt":{"rendered":"<p>A C\u00e2mara Municipal de Palmas, em Sess\u00e3o conduzida pelo vice-presidente Rubens Uch\u00f4a (Cidadania), aprovou na manh\u00e3 desta quarta-feira, 16, a Medida Provis\u00f3ria n\u00ba1 de 15 de fevereiro de 2021, que disp\u00f5e sobre a revis\u00e3o geral anual dos vencimentos e subs\u00eddios dos servidores p\u00fablicos do Executivo Municipal, a conhecida data-base. O reajuste de 4,52% aprovado pelos [&hellip;]<\/p>\n","protected":false},"author":2,"featured_media":8762,"comment_status":"open","ping_status":"open","sticky":false,"template":"","format":"standard","meta":[],"categories":[3],"tags":[13],"_links":{"self":[{"href":"https:\/\/dgospel.com.br\/portal\/index.php\/wp-json\/wp\/v2\/posts\/8696"}],"collection":[{"href":"https:\/\/dgospel.com.br\/portal\/index.php\/wp-json\/wp\/v2\/posts"}],"about":[{"href":"https:\/\/dgospel.com.br\/portal\/index.php\/wp-json\/wp\/v2\/types\/post"}],"author":[{"embeddable":true,"href":"https:\/\/dgospel.com.br\/portal\/index.php\/wp-json\/wp\/v2\/users\/2"}],"replies":[{"embeddable":true,"href":"https:\/\/dgospel.com.br\/portal\/index.php\/wp-json\/wp\/v2\/comments?post=8696"}],"version-history":[{"count":2,"href":"https:\/\/dgospel.com.br\/portal\/index.php\/wp-json\/wp\/v2\/posts\/8696\/revisions"}],"predecessor-version":[{"id":8763,"href":"https:\/\/dgospel.com.br\/portal\/index.php\/wp-json\/wp\/v2\/posts\/8696\/revisions\/8763"}],"wp:featuredmedia":[{"embeddable":true,"href":"https:\/\/dgospel.com.br\/portal\/index.php\/wp-json\/wp\/v2\/media\/8762"}],"wp:attachment":[{"href":"https:\/\/dgospel.com.br\/portal\/index.php\/wp-json\/wp\/v2\/media?parent=8696"}],"wp:term":[{"taxonomy":"category","embeddable":true,"href":"https:\/\/dgospel.com.br\/portal\/index.php\/wp-json\/wp\/v2\/categories?post=8696"},{"taxonomy":"post_tag","embeddable":true,"href":"https:\/\/dgospel.com.br\/portal\/index.php\/wp-json\/wp\/v2\/tags?post=8696"}],"curies":[{"name":"wp","href":"https:\/\/api.w.org\/{rel}","templated":true}]}}