{"id":8705,"date":"2021-06-17T12:24:18","date_gmt":"2021-06-17T15:24:18","guid":{"rendered":"http:\/\/dgospel.com.br\/portal\/?p=8705"},"modified":"2021-06-17T12:24:20","modified_gmt":"2021-06-17T15:24:20","slug":"presidente-do-conselho-de-medicina-diz-que-bolsonaro-nao-e-culpado-por-mortes-da-covid","status":"publish","type":"post","link":"https:\/\/dgospel.com.br\/portal\/index.php\/2021\/06\/17\/presidente-do-conselho-de-medicina-diz-que-bolsonaro-nao-e-culpado-por-mortes-da-covid\/","title":{"rendered":"Presidente do Conselho de Medicina diz que Bolsonaro n\u00e3o \u00e9 culpado por mortes da Covid"},"content":{"rendered":"\n<p>\n\nO presidente do Conselho Federal de Medicina, Mauro Ribeiro, foi enf\u00e1tico ao dizer que n\u00e3o existe qualquer culpa do presidente&nbsp;<a rel=\"noreferrer noopener\" href=\"https:\/\/pleno.news\/tag\/jair-bolsonaro\" target=\"_blank\">Jair Bolsonaro<\/a>&nbsp;ou de seus ministros sobre as mortes causadas pela Covid-19 no Brasil. A fala ocorreu durante uma entrevista concedida ao programa Os Pingos Nos Is, da Jovem Pan, na \u00faltima ter\u00e7a-feira (15)\n\n<\/p>\n\n\n\n<figure class=\"wp-block-image\"><img src=\"https:\/\/static.cdn.pleno.news\/2021\/06\/Mauro-Ribeiro-presidente-do-Conselho-Federal-de-Medicina.jpg\" alt=\"\" class=\"wp-image-743945\"\/><figcaption>Mauro Ribeiro, presidente do Conselho Federal de Medicina&nbsp;Foto: Reprodu\u00e7\u00e3o<\/figcaption><\/figure>\n\n\n\n<p> \u2013 O que atrapalha muito essa discuss\u00e3o [da pandemia] \u00e9 o ambiente que se criou de que existem culpados para as mortes, ent\u00e3o as pessoas acusam o presidente da Rep\u00fablica, acusam os ministros da Sa\u00fade que passaram no minist\u00e9rio de genocidas, como grandes respons\u00e1veis. O presidente, os ministros, n\u00e3o s\u00e3o respons\u00e1veis por morte nenhuma \u2013 disse. <\/p>\n\n\n\n<figure class=\"wp-block-embed-youtube wp-block-embed is-type-video is-provider-youtube wp-embed-aspect-16-9 wp-has-aspect-ratio\"><div class=\"wp-block-embed__wrapper\">\n<iframe loading=\"lazy\" title=\"DORIA DERROTADO NO PSDB\/ ESQUERDA SEM FIQUE EM CASA\/ AUTONOMIA M\u00c9DICA - Os Pingos Nos Is - 15\/06\/21\" width=\"630\" height=\"354\" src=\"https:\/\/www.youtube.com\/embed\/PTq9xKWSg5I?start=2413&#038;feature=oembed\" frameborder=\"0\" allow=\"accelerometer; autoplay; clipboard-write; encrypted-media; gyroscope; picture-in-picture\" allowfullscreen><\/iframe>\n<\/div><\/figure>\n\n\n\n<p>Ribeiro tamb\u00e9m destacou que a politiza\u00e7\u00e3o a respeito das narrativas sobre a doen\u00e7a podem ser prejudiciais para o combate ao v\u00edrus, e ressaltou que as discuss\u00f5es sobre a efic\u00e1cia de medicamentos que fazem parte do tratamento precoce contra a Covid, como a&nbsp;<a href=\"https:\/\/pleno.news\/tag\/hidroxicloroquina\" target=\"_blank\" rel=\"noreferrer noopener\">hidroxicloroquina<\/a>&nbsp;e a ivermectina, s\u00e3o leg\u00edtimas.<\/p>\n\n\n\n<p>\u2013 Existem exageros na narrativa, n\u00f3s podemos discutir a efetividade da hidroxicloroquina e da ivermectina no tratamento precoce da Covid, essa discuss\u00e3o \u00e9 leg\u00edtima. Agora, discutir a seguran\u00e7a dessas drogas \u00e9 querer fazer pouco da intelig\u00eancia das pessoas. Dizer que hidroxicloroquina ou ivermectina matam, que s\u00e3o subst\u00e2ncias perigosas, vai a uma dist\u00e2ncia muito grande \u2013 declarou.<\/p>\n","protected":false},"excerpt":{"rendered":"<p>O presidente do Conselho Federal de Medicina, Mauro Ribeiro, foi enf\u00e1tico ao dizer que n\u00e3o existe qualquer culpa do presidente&nbsp;Jair Bolsonaro&nbsp;ou de seus ministros sobre as mortes causadas pela Covid-19 no Brasil. A fala ocorreu durante uma entrevista concedida ao programa Os Pingos Nos Is, da Jovem Pan, na \u00faltima ter\u00e7a-feira (15) \u2013 O que [&hellip;]<\/p>\n","protected":false},"author":2,"featured_media":8706,"comment_status":"open","ping_status":"open","sticky":false,"template":"","format":"standard","meta":[],"categories":[4],"tags":[14],"_links":{"self":[{"href":"https:\/\/dgospel.com.br\/portal\/index.php\/wp-json\/wp\/v2\/posts\/8705"}],"collection":[{"href":"https:\/\/dgospel.com.br\/portal\/index.php\/wp-json\/wp\/v2\/posts"}],"about":[{"href":"https:\/\/dgospel.com.br\/portal\/index.php\/wp-json\/wp\/v2\/types\/post"}],"author":[{"embeddable":true,"href":"https:\/\/dgospel.com.br\/portal\/index.php\/wp-json\/wp\/v2\/users\/2"}],"replies":[{"embeddable":true,"href":"https:\/\/dgospel.com.br\/portal\/index.php\/wp-json\/wp\/v2\/comments?post=8705"}],"version-history":[{"count":1,"href":"https:\/\/dgospel.com.br\/portal\/index.php\/wp-json\/wp\/v2\/posts\/8705\/revisions"}],"predecessor-version":[{"id":8707,"href":"https:\/\/dgospel.com.br\/portal\/index.php\/wp-json\/wp\/v2\/posts\/8705\/revisions\/8707"}],"wp:featuredmedia":[{"embeddable":true,"href":"https:\/\/dgospel.com.br\/portal\/index.php\/wp-json\/wp\/v2\/media\/8706"}],"wp:attachment":[{"href":"https:\/\/dgospel.com.br\/portal\/index.php\/wp-json\/wp\/v2\/media?parent=8705"}],"wp:term":[{"taxonomy":"category","embeddable":true,"href":"https:\/\/dgospel.com.br\/portal\/index.php\/wp-json\/wp\/v2\/categories?post=8705"},{"taxonomy":"post_tag","embeddable":true,"href":"https:\/\/dgospel.com.br\/portal\/index.php\/wp-json\/wp\/v2\/tags?post=8705"}],"curies":[{"name":"wp","href":"https:\/\/api.w.org\/{rel}","templated":true}]}}