{"id":8714,"date":"2021-06-17T16:43:11","date_gmt":"2021-06-17T19:43:11","guid":{"rendered":"http:\/\/dgospel.com.br\/portal\/?p=8714"},"modified":"2021-06-17T16:43:14","modified_gmt":"2021-06-17T19:43:14","slug":"governo-do-tocantins-inicia-formacao-de-13-mil-brigadistas-para-enfrentamento-das-queimadas-no-estado","status":"publish","type":"post","link":"https:\/\/dgospel.com.br\/portal\/index.php\/2021\/06\/17\/governo-do-tocantins-inicia-formacao-de-13-mil-brigadistas-para-enfrentamento-das-queimadas-no-estado\/","title":{"rendered":"Governo do Tocantins inicia forma\u00e7\u00e3o de 1,3 mil brigadistas para enfrentamento das queimadas no Estado"},"content":{"rendered":"\n<p>O Governo do Tocantins, por meio da Defesa Civil, promove a forma\u00e7\u00e3o de brigadistas para 150 pessoas de 12 munic\u00edpios, somente nesta semana. O trabalho contempla aulas te\u00f3ricas e pr\u00e1ticas, inclusive de primeiros socorros, e o cronograma segue at\u00e9 a segunda quinzena de julho, atendendo 97 munic\u00edpios.<\/p>\n\n\n\n<p>O foco da Defesa Civil \u00e9 formar cerca de 1,3 mil brigadistas, que podem ser contratados pelas prefeituras, que, diante desse processo, recebem certificado para solicitar o repasse do Imposto Sobre Circula\u00e7\u00e3o de Mercadorias e Servi\u00e7o &#8211; Ecol\u00f3gico (ICMS Ecol\u00f3gico), no Instituto Natureza do Tocantins (Naturatins), podendo cobrir as despesas feitas na contrata\u00e7\u00e3o dessas equipes.<\/p>\n\n\n\n<p>Para o tenente-coronel Erisvaldo Alves, coordenador-adjunto da Defesa Civil Estadual, \u201c\u00e9 muito interessante a manuten\u00e7\u00e3o das Brigadas Municipais com base na pontua\u00e7\u00e3o do ICMS Ecol\u00f3gico, com retorno aos munic\u00edpios, pois viabilizam os investimentos nesse tipo de projeto. E isso vai al\u00e9m do benef\u00edcio ambiental, pois \u00e9 um ganho para a popula\u00e7\u00e3o, que tem menos fuma\u00e7a e melhora a sa\u00fade p\u00fablica\u201d.<\/p>\n\n\n\n<p>O tenente-coronel ainda destaca que o ICMS Ecol\u00f3gico \u00e9 uma garantia para as prefeituras poderem manter a Brigada em atividade no pr\u00f3ximo ano. &#8220;\u00c9 uma forma de a gest\u00e3o gerar empregos no munic\u00edpio, uma vez que, no m\u00ednimo sete pessoas, precisam fazer parte da equipe. \u00c9 um c\u00edrculo virtuoso e s\u00f3 traz benef\u00edcios&#8221;, argumenta.<\/p>\n\n\n\n<p>A forma\u00e7\u00e3o \u00e9 feita pelo Corpo de Bombeiros Militar e pela Defesa Civil Estadual e, ao longo dos anos, tem se registrado evolu\u00e7\u00e3o nos m\u00e9todos e tamb\u00e9m nos resultados dos trabalhos em campo. &#8220;O retorno tem sido bem interessante, as equipes que est\u00e3o sendo capacitadas t\u00eam gostado muito, com \u00f3timo aproveitamento de conte\u00fados. Muitos brigadistas n\u00e3o tinham experi\u00eancias com o combate a inc\u00eandios florestais e, agora, aproveitam as aulas para sanar as d\u00favidas&#8221;, esclarece Erisvaldo&nbsp;Alves.<\/p>\n\n\n\n<p>Cada forma\u00e7\u00e3o tem dura\u00e7\u00e3o de tr\u00eas dias, com conte\u00fados relacionados \u00e0 origem, evolu\u00e7\u00e3o e combate ao fogo, e tamb\u00e9m aulas de primeiros socorros.&nbsp;&#8220;A partir da\u00ed, a gente avalia, e se o candidato tirar m\u00e9dia acima de 7 pontos est\u00e1 aprovado. Estamos tendo um rendimento muito interessante. E isso para o servi\u00e7o, ent\u00e3o, \u00e9 melhor ainda&#8221;, conta o tenente-coronel.<\/p>\n\n\n\n<p>Apesar de apenas 97 prefeituras, das 139 existentes no Tocantins, &nbsp;terem assinado o Termo de Coopera\u00e7\u00e3o para a forma\u00e7\u00e3o das Brigadas Municipais, Erisvaldo Alves avalia como n\u00famero positivo. &#8220;O n\u00famero atual j\u00e1 \u00e9 interessante, consegue dar uma primeira resposta, fazer o primeiro combate na \u00e1rea dos munic\u00edpios&#8221;, afirma.<\/p>\n\n\n\n<p>&#8220;Havendo a necessidade uma situa\u00e7\u00e3o que fuja do controle dos brigadistas, a\u00ed sim a gente vai buscar uma for\u00e7a-tarefa maior, mas com esse grupo atuando, por menor que seja, j\u00e1 consegue um retorno&nbsp; interessante&#8221;, conclui.<\/p>\n\n\n\n<figure class=\"wp-block-image\"><img src=\"https:\/\/central.to.gov.br\/image\/248518?w=565&amp;h=349\" alt=\"\"\/><\/figure>\n\n\n\n<p>At\u00e9 a segunda quinzena de julho, cerca de 1,3 mil brigadistas ser\u00e3o formados pela Defesa Civil Estadual &#8211; Corpo de Bombeiros\/Governo do Tocantins<\/p>\n\n\n\n<figure class=\"wp-block-image\"><img src=\"https:\/\/central.to.gov.br\/image\/248520?w=565&amp;h=349\" alt=\"\"\/><\/figure>\n\n\n\n<p>Aulas te\u00f3ricas e pr\u00e1ticas contemplam o per\u00edodo de forma\u00e7\u00e3o das Brigadas Municipais, sob orienta\u00e7\u00e3o da Defesa Civil Estadual &#8211; Corpo de Bombeiros\/Governo do Tocantins<\/p>\n\n\n\n<figure class=\"wp-block-image\"><img src=\"https:\/\/central.to.gov.br\/image\/248519?w=565&amp;h=349\" alt=\"\"\/><\/figure>\n\n\n\n<p>Profissionais ficam nos munic\u00edpios e s\u00e3o a primeira resposta para as urg\u00eancias em se tratando de inc\u00eandios florestais &#8211; Corpo de Bombeiros\/Governo do Tocantins<\/p>\n\n\n\n<figure class=\"wp-block-image\"><img src=\"https:\/\/central.to.gov.br\/image\/248521?w=565&amp;h=349\" alt=\"\"\/><\/figure>\n\n\n\n<p>S\u00f3 nesta semana, 150 pessoas de 12 munic\u00edpios est\u00e3o recebendo a forma\u00e7\u00e3o como brigadistas &#8211; Corpo de Bombeiros\/Governo do Tocantins\n\n<\/p>\n","protected":false},"excerpt":{"rendered":"<p>O Governo do Tocantins, por meio da Defesa Civil, promove a forma\u00e7\u00e3o de brigadistas para 150 pessoas de 12 munic\u00edpios, somente nesta semana. O trabalho contempla aulas te\u00f3ricas e pr\u00e1ticas, inclusive de primeiros socorros, e o cronograma segue at\u00e9 a segunda quinzena de julho, atendendo 97 munic\u00edpios. O foco da Defesa Civil \u00e9 formar cerca [&hellip;]<\/p>\n","protected":false},"author":2,"featured_media":8715,"comment_status":"open","ping_status":"open","sticky":false,"template":"","format":"standard","meta":[],"categories":[3],"tags":[13],"_links":{"self":[{"href":"https:\/\/dgospel.com.br\/portal\/index.php\/wp-json\/wp\/v2\/posts\/8714"}],"collection":[{"href":"https:\/\/dgospel.com.br\/portal\/index.php\/wp-json\/wp\/v2\/posts"}],"about":[{"href":"https:\/\/dgospel.com.br\/portal\/index.php\/wp-json\/wp\/v2\/types\/post"}],"author":[{"embeddable":true,"href":"https:\/\/dgospel.com.br\/portal\/index.php\/wp-json\/wp\/v2\/users\/2"}],"replies":[{"embeddable":true,"href":"https:\/\/dgospel.com.br\/portal\/index.php\/wp-json\/wp\/v2\/comments?post=8714"}],"version-history":[{"count":1,"href":"https:\/\/dgospel.com.br\/portal\/index.php\/wp-json\/wp\/v2\/posts\/8714\/revisions"}],"predecessor-version":[{"id":8716,"href":"https:\/\/dgospel.com.br\/portal\/index.php\/wp-json\/wp\/v2\/posts\/8714\/revisions\/8716"}],"wp:featuredmedia":[{"embeddable":true,"href":"https:\/\/dgospel.com.br\/portal\/index.php\/wp-json\/wp\/v2\/media\/8715"}],"wp:attachment":[{"href":"https:\/\/dgospel.com.br\/portal\/index.php\/wp-json\/wp\/v2\/media?parent=8714"}],"wp:term":[{"taxonomy":"category","embeddable":true,"href":"https:\/\/dgospel.com.br\/portal\/index.php\/wp-json\/wp\/v2\/categories?post=8714"},{"taxonomy":"post_tag","embeddable":true,"href":"https:\/\/dgospel.com.br\/portal\/index.php\/wp-json\/wp\/v2\/tags?post=8714"}],"curies":[{"name":"wp","href":"https:\/\/api.w.org\/{rel}","templated":true}]}}