{"id":8717,"date":"2021-06-17T16:48:06","date_gmt":"2021-06-17T19:48:06","guid":{"rendered":"http:\/\/dgospel.com.br\/portal\/?p=8717"},"modified":"2021-06-17T16:48:08","modified_gmt":"2021-06-17T19:48:08","slug":"simone-da-dupla-com-simaria-canta-em-igreja-evangelica","status":"publish","type":"post","link":"https:\/\/dgospel.com.br\/portal\/index.php\/2021\/06\/17\/simone-da-dupla-com-simaria-canta-em-igreja-evangelica\/","title":{"rendered":"Simone, da dupla com Simaria, canta em igreja evang\u00e9lica"},"content":{"rendered":"\n<p>A cantora Simone, da dupla com Simaria, emocionou seus f\u00e3s ao aparecer cantando uma m\u00fasica gospel durante um culto em uma igreja evang\u00e9lica, no \u00faltimo domingo (13\/6). O v\u00eddeo foi compartilhado pelo colunista Leo Dias, do site Metr\u00f3poles.<\/p>\n\n\n\n<p>A apresenta\u00e7\u00e3o foi na Igreja Pentecostal Templo do Milagres, que tem como l\u00edder o pastor e cantor Leonardo Sale.<\/p>\n\n\n\n<p>Acompanhada do marido e empres\u00e1rio Kak\u00e1 Diniz, Simone cantou a m\u00fasica \u201cDeus de Promessas\u201d, um dos maiores sucessos no mercado gospel \u2014 ela participou do DVD do cantor gospel Davi Sacer h\u00e1 2 anos com essa m\u00fasica.<\/p>\n\n\n\n<p> Simone \u00e9 batizada na igreja evang\u00e9lica e frequenta cultos h\u00e1 anos. Em 2018, foi para Belo Horizonte participar de retiro religioso e dividiu a experi\u00eancia que adquiriu no local com os f\u00e3s nas redes sociais: \u201cSe tiver alguma coisa na sua vida que voc\u00ea n\u00e3o tenha perdoado, libere perd\u00e3o para que voc\u00ea seja pleno, cheio de Deus, feliz, livre, para que a sua vida e seus projetos cres\u00e7am\u201d, disse na \u00e9poca. <\/p>\n\n\n\n<figure class=\"wp-block-embed-youtube wp-block-embed is-type-video is-provider-youtube wp-embed-aspect-16-9 wp-has-aspect-ratio\"><div class=\"wp-block-embed__wrapper\">\n<iframe loading=\"lazy\" title=\"CANTORA SIMONE DA DUPLA COM SIMARIA CANTA LOUVOR O FOGO DESCE! PR LEONARDO\" width=\"630\" height=\"354\" src=\"https:\/\/www.youtube.com\/embed\/Tm2MG1hGMyQ?feature=oembed\" frameborder=\"0\" allow=\"accelerometer; autoplay; clipboard-write; encrypted-media; gyroscope; picture-in-picture\" allowfullscreen><\/iframe>\n<\/div><\/figure>\n\n\n\n<p><strong>Fonte: Metr\u00f3poles e NE10<\/strong><\/p>\n","protected":false},"excerpt":{"rendered":"<p>A cantora Simone, da dupla com Simaria, emocionou seus f\u00e3s ao aparecer cantando uma m\u00fasica gospel durante um culto em uma igreja evang\u00e9lica, no \u00faltimo domingo (13\/6). O v\u00eddeo foi compartilhado pelo colunista Leo Dias, do site Metr\u00f3poles. A apresenta\u00e7\u00e3o foi na Igreja Pentecostal Templo do Milagres, que tem como l\u00edder o pastor e cantor [&hellip;]<\/p>\n","protected":false},"author":2,"featured_media":8718,"comment_status":"open","ping_status":"open","sticky":false,"template":"","format":"standard","meta":[],"categories":[17,5],"tags":[],"_links":{"self":[{"href":"https:\/\/dgospel.com.br\/portal\/index.php\/wp-json\/wp\/v2\/posts\/8717"}],"collection":[{"href":"https:\/\/dgospel.com.br\/portal\/index.php\/wp-json\/wp\/v2\/posts"}],"about":[{"href":"https:\/\/dgospel.com.br\/portal\/index.php\/wp-json\/wp\/v2\/types\/post"}],"author":[{"embeddable":true,"href":"https:\/\/dgospel.com.br\/portal\/index.php\/wp-json\/wp\/v2\/users\/2"}],"replies":[{"embeddable":true,"href":"https:\/\/dgospel.com.br\/portal\/index.php\/wp-json\/wp\/v2\/comments?post=8717"}],"version-history":[{"count":1,"href":"https:\/\/dgospel.com.br\/portal\/index.php\/wp-json\/wp\/v2\/posts\/8717\/revisions"}],"predecessor-version":[{"id":8719,"href":"https:\/\/dgospel.com.br\/portal\/index.php\/wp-json\/wp\/v2\/posts\/8717\/revisions\/8719"}],"wp:featuredmedia":[{"embeddable":true,"href":"https:\/\/dgospel.com.br\/portal\/index.php\/wp-json\/wp\/v2\/media\/8718"}],"wp:attachment":[{"href":"https:\/\/dgospel.com.br\/portal\/index.php\/wp-json\/wp\/v2\/media?parent=8717"}],"wp:term":[{"taxonomy":"category","embeddable":true,"href":"https:\/\/dgospel.com.br\/portal\/index.php\/wp-json\/wp\/v2\/categories?post=8717"},{"taxonomy":"post_tag","embeddable":true,"href":"https:\/\/dgospel.com.br\/portal\/index.php\/wp-json\/wp\/v2\/tags?post=8717"}],"curies":[{"name":"wp","href":"https:\/\/api.w.org\/{rel}","templated":true}]}}