{"id":8720,"date":"2021-06-21T11:53:59","date_gmt":"2021-06-21T14:53:59","guid":{"rendered":"http:\/\/dgospel.com.br\/portal\/?p=8720"},"modified":"2021-06-21T11:54:00","modified_gmt":"2021-06-21T14:54:00","slug":"voto-impresso-relator-promete-parecer-para-a-proxima-semana","status":"publish","type":"post","link":"https:\/\/dgospel.com.br\/portal\/index.php\/2021\/06\/21\/voto-impresso-relator-promete-parecer-para-a-proxima-semana\/","title":{"rendered":"Voto impresso: Relator promete parecer para a pr\u00f3xima semana"},"content":{"rendered":"\n<p> O deputado federal Filipe Barros (PSL-PR), relator da Proposta de Emenda \u00e0 Constitui\u00e7\u00e3o (PEC) do Voto Impresso Audit\u00e1vel, afirmou que pretende apresentar seu relat\u00f3rio a respeito do projeto na pr\u00f3xima semana. \u00c0\u00a0<a rel=\"noreferrer noopener\" href=\"https:\/\/pleno.news\/tag\/cnn-brasil\" target=\"_blank\">CNN Brasil<\/a>, Barros relatou que deve promover, nesta semana, audi\u00eancias p\u00fablicas e far\u00e1 visita t\u00e9cnica ao Tribunal Superior Eleitoral (<a rel=\"noreferrer noopener\" href=\"https:\/\/pleno.news\/tag\/tse\" target=\"_blank\">TSE<\/a>) antes de apresentar a an\u00e1lise. <\/p>\n\n\n\n<p> O esfor\u00e7o dos parlamentares favor\u00e1veis \u00e0 medida tem sido o de deixar a medida pronta para ser pautada j\u00e1 no m\u00eas de julho pelo presidente da C\u00e2mara dos Deputados, Arthur Lira (PP-AL). Lira, por sua vez, disse que ainda n\u00e3o definiu uma data para levar a iniciativa ao Plen\u00e1rio da C\u00e2mara. <\/p>\n\n\n\n<p>Em tramita\u00e7\u00e3o desde o m\u00eas passado em comiss\u00e3o especial, a PEC prev\u00ea a instala\u00e7\u00e3o de um sistema que imprime o voto. Para que seja v\u00e1lida para as pr\u00f3ximas elei\u00e7\u00f5es, ela precisa ser aprovada pela C\u00e2mara e pelo Senado at\u00e9 o dia 2 de outubro, um ano antes do primeiro turno da disputa de 2022.<\/p>\n\n\n\n<p>Na pr\u00e1tica, a medida permitir\u00e1 que o eleitor cheque se o voto impresso confere com o eletr\u00f4nico. A impress\u00e3o \u00e9 depositada em uma urna trancada, de forma autom\u00e1tica e sem contato manual, para que seja usada em eventual auditoria.<\/p>\n","protected":false},"excerpt":{"rendered":"<p>O deputado federal Filipe Barros (PSL-PR), relator da Proposta de Emenda \u00e0 Constitui\u00e7\u00e3o (PEC) do Voto Impresso Audit\u00e1vel, afirmou que pretende apresentar seu relat\u00f3rio a respeito do projeto na pr\u00f3xima semana. \u00c0\u00a0CNN Brasil, Barros relatou que deve promover, nesta semana, audi\u00eancias p\u00fablicas e far\u00e1 visita t\u00e9cnica ao Tribunal Superior Eleitoral (TSE) antes de apresentar a [&hellip;]<\/p>\n","protected":false},"author":2,"featured_media":8722,"comment_status":"open","ping_status":"open","sticky":false,"template":"","format":"standard","meta":[],"categories":[4],"tags":[13,14],"_links":{"self":[{"href":"https:\/\/dgospel.com.br\/portal\/index.php\/wp-json\/wp\/v2\/posts\/8720"}],"collection":[{"href":"https:\/\/dgospel.com.br\/portal\/index.php\/wp-json\/wp\/v2\/posts"}],"about":[{"href":"https:\/\/dgospel.com.br\/portal\/index.php\/wp-json\/wp\/v2\/types\/post"}],"author":[{"embeddable":true,"href":"https:\/\/dgospel.com.br\/portal\/index.php\/wp-json\/wp\/v2\/users\/2"}],"replies":[{"embeddable":true,"href":"https:\/\/dgospel.com.br\/portal\/index.php\/wp-json\/wp\/v2\/comments?post=8720"}],"version-history":[{"count":1,"href":"https:\/\/dgospel.com.br\/portal\/index.php\/wp-json\/wp\/v2\/posts\/8720\/revisions"}],"predecessor-version":[{"id":8723,"href":"https:\/\/dgospel.com.br\/portal\/index.php\/wp-json\/wp\/v2\/posts\/8720\/revisions\/8723"}],"wp:featuredmedia":[{"embeddable":true,"href":"https:\/\/dgospel.com.br\/portal\/index.php\/wp-json\/wp\/v2\/media\/8722"}],"wp:attachment":[{"href":"https:\/\/dgospel.com.br\/portal\/index.php\/wp-json\/wp\/v2\/media?parent=8720"}],"wp:term":[{"taxonomy":"category","embeddable":true,"href":"https:\/\/dgospel.com.br\/portal\/index.php\/wp-json\/wp\/v2\/categories?post=8720"},{"taxonomy":"post_tag","embeddable":true,"href":"https:\/\/dgospel.com.br\/portal\/index.php\/wp-json\/wp\/v2\/tags?post=8720"}],"curies":[{"name":"wp","href":"https:\/\/api.w.org\/{rel}","templated":true}]}}