{"id":8727,"date":"2021-06-22T13:08:34","date_gmt":"2021-06-22T16:08:34","guid":{"rendered":"http:\/\/dgospel.com.br\/portal\/?p=8727"},"modified":"2021-06-22T13:08:36","modified_gmt":"2021-06-22T16:08:36","slug":"daqui-pra-frente-minha-vida-tera-a-ver-com-deus-diz-karina-bacchi-sobre-conversao","status":"publish","type":"post","link":"https:\/\/dgospel.com.br\/portal\/index.php\/2021\/06\/22\/daqui-pra-frente-minha-vida-tera-a-ver-com-deus-diz-karina-bacchi-sobre-conversao\/","title":{"rendered":"\u201cDaqui pra frente, minha vida ter\u00e1 a ver com Deus\u201d, diz Karina Bacchi sobre convers\u00e3o"},"content":{"rendered":"\n<p>\n\nOs seguidores da atriz&nbsp;<a href=\"https:\/\/guiame.com.br\/gospel\/noticias\/eu-tenho-uma-conexao-muito-grande-com-deus-atraves-da-biblia-diz-karina-bacchi.html\"><strong>Karina Bacchi<\/strong><\/a>&nbsp;t\u00eam notado sua mudan\u00e7a no Instagram, que est\u00e1 repleto de mensagens b\u00edblicas, trechos de louvores e ora\u00e7\u00f5es. Na \u00faltima quarta-feira (16), ela revelou de maneira aberta o motivo: Bacchi teve um encontro com Deus.\n\n<\/p>\n\n\n\n<figure class=\"wp-block-image\"><img src=\"https:\/\/thumbor.guiame.com.br\/unsafe\/840x500\/top\/smart\/https:\/\/media.guiame.com.br\/archives\/2021\/06\/21\/1567040832-karina-bacchi.jpg\" alt=\"Karina Bacchi fala sobre detalhes de sua convers\u00e3o. (Foto: Instagram)\"\/><figcaption>Karina Bacchi fala sobre detalhes de sua convers\u00e3o. (Foto: Instagram)<\/figcaption><\/figure>\n\n\n\n<p>Falando sobre os detalhes de sua convers\u00e3o em um v\u00eddeo, Karina diz que n\u00e3o tem um testemunho marcado por \u201cgrandes milagres\u201d que a levaram \u00e0 igreja. \u201cEu n\u00e3o estava no fundo do po\u00e7o, eu n\u00e3o passei por uma dificuldade absurda para ter esse encontro com Deus\u201d, ela afirma.PUBLICIDADE<\/p>\n\n\n\n<figure><iframe><\/iframe><\/figure>\n\n\n\n<p>A atriz lembra que cresceu no contexto da Igreja Cat\u00f3lica: ela fez o batismo, a primeira comunh\u00e3o e se casou dentro dos ritos da religi\u00e3o. H\u00e1 10 anos, no entanto, ela foi batizada em uma igreja evang\u00e9lica, mas s\u00f3 passou a firmar sua nova f\u00e9 a partir do fim de 2020.<\/p>\n\n\n\n<p>Karina diz que foi motivada a&nbsp;<a href=\"https:\/\/guiame.com.br\/gospel\/noticias\/eu-tenho-uma-conexao-muito-grande-com-deus-atraves-da-biblia-diz-karina-bacchi.html\"><strong>buscar a Deus<\/strong><\/a>&nbsp;por encontrar um vazio dentro de si. \u201cEssa incompletude, ansiedade, medo e inseguran\u00e7a que sentimos, muitas vezes vem da nossa falta de f\u00e9\u201d, observa.&nbsp;<\/p>\n\n\n\n<p>\u201cEu sempre acreditei em Deus, sempre acreditei que Ele estava me olhando, sempre fui uma pessoa do bem. Mas de uns tempos para c\u00e1, fui sentindo uma incompletude que eu n\u00e3o tinha percebido antes. Eu tenho uma casa, um trabalho, uma fam\u00edlia, um filho, n\u00e3o me falta nada. Por que eu ainda \u2014 mesmo resolvendo problemas com minhas pr\u00f3prias m\u00e3os \u2014 n\u00e3o vejo algo mudar?\u201d, se questionou na \u00e9poca.<\/p>\n\n\n\n<p>Karina diz que essa insatisfa\u00e7\u00e3o e os questionamentos internos passaram a incomod\u00e1-la. \u201cEu tentei mudar meu jeito de agir, meu jeito de falar, tentei expor isso para as pessoas que conviviam comigo. At\u00e9 que chegou o momento em que eu realmente resolvi entregar isso para Deus\u201d, conta.<\/p>\n\n\n\n<p>\u201c[Antes] eu lia a B\u00edblia esporadicamente, conversava com Deus, mas eu n\u00e3o tinha essa f\u00e9, essa entrega. Mas chegou o momento em que eu fiz isso. Essas conversas passaram a ser mais constantes, at\u00e9 que Deus foi me direcionando a realmente ler a B\u00edblia\u201d, relata. \u201cFoi como se eu entrasse em outra dimens\u00e3o e tivesse aquela sede de conhecimento. E quando mais eu compreendia, mais eu sentia o meu cora\u00e7\u00e3o em paz. A voz de Deus ia me direcionando, fazendo com que eu abrisse em uma certa passagem da B\u00edblia, ou que algo me tocasse quando eu abrisse o celular\u201d.<\/p>\n\n\n\n<figure class=\"wp-block-image\"><img src=\"https:\/\/thumbor.guiame.com.br\/unsafe\/smart\/https:\/\/media.guiame.com.br\/archives\/2021\/06\/21\/2057283493-.jpg\" alt=\"\"\/><\/figure>\n\n\n\n<p><br><sup>Karina Bacchi segura uma B\u00edblia personalizada. (Foto: Instagram)<\/sup><\/p>\n\n\n\n<p><strong>Sede de Deus<\/strong><\/p>\n\n\n\n<p>A atriz destaca que s\u00f3 passou a viver algo novo em Deus porque passou a buscar isso. \u201cPor isso que a B\u00edblia fala que a sabedoria e o conhecimento, quanto mais a gente procura, mais nos s\u00e3o dados. Quando a gente bate, a porta \u00e9 aberta\u201d, afirma.<\/p>\n\n\n\n<p>\u201cEu passei a diariamente, n\u00e3o por obriga\u00e7\u00e3o, mas por vontade, mergulhar nessa busca, nessa comunh\u00e3o com Deus\u201d, conta. \u201cEnfrentei conflitos dentro da minha vida, foi havendo uma mudan\u00e7a completa da minha forma de enxergar as coisas, minha forma de agir, de falar, e tudo ao meu redor tamb\u00e9m foi tendo que se adaptar\u201d.<\/p>\n\n\n\n<p>Karina diz que, desde ent\u00e3o, tem vivido um processo di\u00e1rio de transforma\u00e7\u00e3o e descobertas em Deus. \u201cHoje em dia eu n\u00e3o sinto falta, eu n\u00e3o tenho ansiedade por engravidar novamente, ou por ter um cargo profissional. Eu j\u00e1 tenho paz, tranquilidade e confian\u00e7a que Deus est\u00e1 me direcionando\u201d.<\/p>\n\n\n\n<p>\u201cN\u00e3o sou uma ex\u00edmia entendedora da B\u00edblia, mas sou uma aprendiz, sedenta da Palavra de Deus. Cada dia mais busco sabedoria, busco a lideran\u00e7a do Esp\u00edrito Santo na minha vida\u201d, ela acrescenta.<\/p>\n\n\n\n<p>Ela ainda deixa um conselho: \u201cN\u00e3o precisamos esperar chegar no fundo do po\u00e7o, no \u00e1pice da depress\u00e3o, para buscar a presen\u00e7a de Deus. Uma simples incompletude, uma simples d\u00favida; se naquele momento buscarmos a Deus e entregarmos nossa vida a Ele, o que Ele nos d\u00e1 j\u00e1 \u00e9 um milagre, j\u00e1 nos transforma por completo. N\u00e3o precisam ser grandes acontecimentos\u201d, afirma. \u201cMais do que milh\u00f5es no banco, um carro, um emprego que ach\u00e1vamos que iria nos preencher, n\u00e3o nos falta nada tendo a presen\u00e7a de Deus\u201d.<\/p>\n\n\n\n<p>Falando aos mais de 8 milh\u00f5es de seguidores do Instagram, Karina falou sobre a mudan\u00e7a de seu conte\u00fado. \u201cFico feliz com quem tem se beneficiado com os conte\u00fados, com quem tem sido tocado e se aproximado mais de Deus. Eu sou s\u00f3 um instrumento e fa\u00e7o isso porque procuro compartilhar o meu melhor por voc\u00eas. Daqui para frente, o meu melhor sempre vai ter a ver com a presen\u00e7a de Deus, de Jesus e do Esp\u00edrito Santo na minha vida\u201d.<\/p>\n\n\n\n<p>\n\nFONTE: GUIAME, LUANA NOVAES\n\n<\/p>\n","protected":false},"excerpt":{"rendered":"<p>Os seguidores da atriz&nbsp;Karina Bacchi&nbsp;t\u00eam notado sua mudan\u00e7a no Instagram, que est\u00e1 repleto de mensagens b\u00edblicas, trechos de louvores e ora\u00e7\u00f5es. Na \u00faltima quarta-feira (16), ela revelou de maneira aberta o motivo: Bacchi teve um encontro com Deus. Falando sobre os detalhes de sua convers\u00e3o em um v\u00eddeo, Karina diz que n\u00e3o tem um testemunho [&hellip;]<\/p>\n","protected":false},"author":2,"featured_media":8728,"comment_status":"open","ping_status":"open","sticky":false,"template":"","format":"standard","meta":[],"categories":[17,5],"tags":[],"_links":{"self":[{"href":"https:\/\/dgospel.com.br\/portal\/index.php\/wp-json\/wp\/v2\/posts\/8727"}],"collection":[{"href":"https:\/\/dgospel.com.br\/portal\/index.php\/wp-json\/wp\/v2\/posts"}],"about":[{"href":"https:\/\/dgospel.com.br\/portal\/index.php\/wp-json\/wp\/v2\/types\/post"}],"author":[{"embeddable":true,"href":"https:\/\/dgospel.com.br\/portal\/index.php\/wp-json\/wp\/v2\/users\/2"}],"replies":[{"embeddable":true,"href":"https:\/\/dgospel.com.br\/portal\/index.php\/wp-json\/wp\/v2\/comments?post=8727"}],"version-history":[{"count":1,"href":"https:\/\/dgospel.com.br\/portal\/index.php\/wp-json\/wp\/v2\/posts\/8727\/revisions"}],"predecessor-version":[{"id":8729,"href":"https:\/\/dgospel.com.br\/portal\/index.php\/wp-json\/wp\/v2\/posts\/8727\/revisions\/8729"}],"wp:featuredmedia":[{"embeddable":true,"href":"https:\/\/dgospel.com.br\/portal\/index.php\/wp-json\/wp\/v2\/media\/8728"}],"wp:attachment":[{"href":"https:\/\/dgospel.com.br\/portal\/index.php\/wp-json\/wp\/v2\/media?parent=8727"}],"wp:term":[{"taxonomy":"category","embeddable":true,"href":"https:\/\/dgospel.com.br\/portal\/index.php\/wp-json\/wp\/v2\/categories?post=8727"},{"taxonomy":"post_tag","embeddable":true,"href":"https:\/\/dgospel.com.br\/portal\/index.php\/wp-json\/wp\/v2\/tags?post=8727"}],"curies":[{"name":"wp","href":"https:\/\/api.w.org\/{rel}","templated":true}]}}